{"id":53639,"date":"2026-01-27T13:12:06","date_gmt":"2026-01-27T13:12:06","guid":{"rendered":"https:\/\/haberbesiktas.tr\/?p=53639"},"modified":"2026-01-27T13:12:06","modified_gmt":"2026-01-27T13:12:06","slug":"sergen-yalcindan-ayriliga-veto","status":"publish","type":"post","link":"https:\/\/haberbesiktas.tr\/?p=53639","title":{"rendered":"Sergen Yal\u00e7\u0131n&#8217;dan ayr\u0131l\u0131\u011fa veto!"},"content":{"rendered":"<div>\n<p>Trendyol S\u00fcper Lig&#8217;de d\u00f6nemi \u00fcst s\u0131ralarda tamamlayarak Avrupa kupalar\u0131na kat\u0131lmay\u0131 hedefleyen Be\u015fikta\u015f&#8217;ta tak\u0131m planlamas\u0131 t\u00fcm s\u00fcratiyle s\u00fcr\u00fcyor. Orta transfer devrinde de\u011ferli ayr\u0131l\u0131klar ya\u015fayan Siyah-Beyazl\u0131lar&#8217;da bu defa g\u00fcndem gen\u00e7 santrfor <strong>Mustafa Erhan Hekimo\u011flu<\/strong> oldu.\u00a0<\/p>\n<p> Teknik Y\u00f6netici Sergen Yal\u00e7\u0131n, transfer \u00e7al\u0131\u015fmalar\u0131n\u0131 s\u00fcrd\u00fcr\u00fcrken bir yandan da ekipten ayr\u0131labilecek oyuncularla ilgili raporunu idareye sundu. Gabriel Paulista, Mert G\u00fcnok, Rafa Silva, Jonas Svensson ve Demir Ege T\u0131knaz&#8217;\u0131n akabinde ayr\u0131l\u0131\u011f\u0131 g\u00fcndeme gelen yeni bir isim daha ortaya \u00e7\u0131kt\u0131.\u00a0<\/p>\n<p> <strong>HOLLANDA&#8217;DAN S\u00dcRPR\u0130Z TAL\u0130P\u00a0<\/strong> <\/p>\n<p> D\u00f6nemin birinci k\u0131sm\u0131nda ya\u015fad\u0131\u011f\u0131 sakatl\u0131klar nedeniyle forma baht\u0131 bulmakta zorlanan 20 ya\u015f\u0131ndaki Mustafa Erhan Hekimo\u011flu&#8217;na Hollanda&#8217;dan ilgi geldi. Eredivisie gruplar\u0131ndan NEC Nijmegen&#8217;in, gen\u00e7 santrforu kiral\u0131k olarak tak\u0131m\u0131na katmak istedi\u011fi \u00f6\u011frenildi.<\/p>\n<p> <strong>SERGEN YAL\u00c7IN&#8217;DAN NET KARAR: AYRILIK YOK<\/strong><\/p>\n<p> Lakin bu transfer te\u015febb\u00fcs\u00fcne Teknik Y\u00f6netici Sergen Yal\u00e7\u0131n&#8217;dan veto geldi. Atak planlamas\u0131nda Mustafa Erhan Hekimo\u011flu&#8217;nu de\u011ferli bir mod\u00fcl olarak g\u00f6ren tecr\u00fcbeli \u00e7al\u0131\u015ft\u0131r\u0131c\u0131n\u0131n, gen\u00e7 futbolcunun devre ortas\u0131nda ayr\u0131lmas\u0131na katiyetle onay vermedi\u011fi belirtildi. \u0130darenin de bu do\u011frultuda NEC Nijmegen&#8217;e olumsuz cevap verdi\u011fi s\u00f6z edildi.<\/p>\n<p> <strong>PERFORMANSI<\/strong><\/p>\n<p> \u00dc\u00e7 d\u00f6nemdir Be\u015fikta\u015f formas\u0131 giyen Mustafa Erhan Hekimo\u011flu, Siyah-Beyazl\u0131 grupta \u00e7\u0131kt\u0131\u011f\u0131 46 resmi ma\u00e7ta 3 gol ve 1 asistlik katk\u0131 sa\u011flad\u0131.<\/p>\n<\/div>\n","protected":false},"excerpt":{"rendered":"<p>Be\u015fikta\u015f&#8217;ta gen\u00e7 santrfor Mustafa Erhan Hekimo\u011flu&#8217;nun ayr\u0131l\u0131\u011f\u0131 g\u00fcndeme geldi. Hollanda&#8217;dan gelen kiralama teklifine Teknik Y\u00f6netici Sergen Yal\u00e7\u0131n veto koydu.<\/p>\n","protected":false},"author":1,"featured_media":53640,"comment_status":"open","ping_status":"open","sticky":false,"template":"","format":"standard","meta":{"footnotes":""},"categories":[25],"tags":[],"class_list":["post-53639","post","type-post","status-publish","format-standard","has-post-thumbnail","hentry","category-futbol"],"_links":{"self":[{"href":"https:\/\/haberbesiktas.tr\/index.php?rest_route=\/wp\/v2\/posts\/53639","targetHints":{"allow":["GET"]}}],"collection":[{"href":"https:\/\/haberbesiktas.tr\/index.php?rest_route=\/wp\/v2\/posts"}],"about":[{"href":"https:\/\/haberbesiktas.tr\/index.php?rest_route=\/wp\/v2\/types\/post"}],"author":[{"embeddable":true,"href":"https:\/\/haberbesiktas.tr\/index.php?rest_route=\/wp\/v2\/users\/1"}],"replies":[{"embeddable":true,"href":"https:\/\/haberbesiktas.tr\/index.php?rest_route=%2Fwp%2Fv2%2Fcomments&post=53639"}],"version-history":[{"count":1,"href":"https:\/\/haberbesiktas.tr\/index.php?rest_route=\/wp\/v2\/posts\/53639\/revisions"}],"predecessor-version":[{"id":53641,"href":"https:\/\/haberbesiktas.tr\/index.php?rest_route=\/wp\/v2\/posts\/53639\/revisions\/53641"}],"wp:featuredmedia":[{"embeddable":true,"href":"https:\/\/haberbesiktas.tr\/index.php?rest_route=\/wp\/v2\/media\/53640"}],"wp:attachment":[{"href":"https:\/\/haberbesiktas.tr\/index.php?rest_route=%2Fwp%2Fv2%2Fmedia&parent=53639"}],"wp:term":[{"taxonomy":"category","embeddable":true,"href":"https:\/\/haberbesiktas.tr\/index.php?rest_route=%2Fwp%2Fv2%2Fcategories&post=53639"},{"taxonomy":"post_tag","embeddable":true,"href":"https:\/\/haberbesiktas.tr\/index.php?rest_route=%2Fwp%2Fv2%2Ftags&post=53639"}],"curies":[{"name":"wp","href":"https:\/\/api.w.org\/{rel}","templated":true}]}}