{"id":53651,"date":"2026-01-27T14:00:10","date_gmt":"2026-01-27T14:00:10","guid":{"rendered":"https:\/\/haberbesiktas.tr\/?p=53651"},"modified":"2026-01-27T14:00:10","modified_gmt":"2026-01-27T14:00:10","slug":"fcsb-fenerbahce-macinin-hakemi-belli-oldu","status":"publish","type":"post","link":"https:\/\/haberbesiktas.tr\/?p=53651","title":{"rendered":"FCSB-Fenerbah\u00e7e ma\u00e7\u0131n\u0131n hakemi belli oldu"},"content":{"rendered":"<div>\n<p>Fenerbah\u00e7e&#8217;nin, UEFA Avrupa Ligi&#8217;nin 8. haftas\u0131nda Romanya temsilcisi FCSB&#8217;ye konuk olaca\u011f\u0131 m\u00fcsabakay\u0131 y\u00f6netecek hakem a\u00e7\u0131kland\u0131.<\/p>\n<p> UEFA&#8217;dan yap\u0131lan duyuruya nazaran, FCSB\u2013Fenerbah\u00e7e \u00e7abas\u0131nda S\u0131rbistan Futbol Federasyonu&#8217;ndan <strong>Nenad Minakovic<\/strong> d\u00fcd\u00fck \u00e7alacak.<\/p>\n<p>Fenerbah\u00e7e, 29 Ocak Per\u015fembe g\u00fcn\u00fc FCSB ile kar\u015f\u0131 kar\u015f\u0131ya gelecek.<\/p>\n<\/div>\n","protected":false},"excerpt":{"rendered":"<p>Temsilcimiz Fenerbah\u00e7e&#8217;nin UEFA Avrupa Ligi&#8217;nde FCSB ile oynayaca\u011f\u0131 ma\u00e7\u0131 S\u0131rp hakem Nenad Minakovic y\u00f6netecek.<\/p>\n","protected":false},"author":1,"featured_media":53652,"comment_status":"open","ping_status":"open","sticky":false,"template":"","format":"standard","meta":{"footnotes":""},"categories":[25],"tags":[],"class_list":["post-53651","post","type-post","status-publish","format-standard","has-post-thumbnail","hentry","category-futbol"],"_links":{"self":[{"href":"https:\/\/haberbesiktas.tr\/index.php?rest_route=\/wp\/v2\/posts\/53651","targetHints":{"allow":["GET"]}}],"collection":[{"href":"https:\/\/haberbesiktas.tr\/index.php?rest_route=\/wp\/v2\/posts"}],"about":[{"href":"https:\/\/haberbesiktas.tr\/index.php?rest_route=\/wp\/v2\/types\/post"}],"author":[{"embeddable":true,"href":"https:\/\/haberbesiktas.tr\/index.php?rest_route=\/wp\/v2\/users\/1"}],"replies":[{"embeddable":true,"href":"https:\/\/haberbesiktas.tr\/index.php?rest_route=%2Fwp%2Fv2%2Fcomments&post=53651"}],"version-history":[{"count":1,"href":"https:\/\/haberbesiktas.tr\/index.php?rest_route=\/wp\/v2\/posts\/53651\/revisions"}],"predecessor-version":[{"id":53653,"href":"https:\/\/haberbesiktas.tr\/index.php?rest_route=\/wp\/v2\/posts\/53651\/revisions\/53653"}],"wp:featuredmedia":[{"embeddable":true,"href":"https:\/\/haberbesiktas.tr\/index.php?rest_route=\/wp\/v2\/media\/53652"}],"wp:attachment":[{"href":"https:\/\/haberbesiktas.tr\/index.php?rest_route=%2Fwp%2Fv2%2Fmedia&parent=53651"}],"wp:term":[{"taxonomy":"category","embeddable":true,"href":"https:\/\/haberbesiktas.tr\/index.php?rest_route=%2Fwp%2Fv2%2Fcategories&post=53651"},{"taxonomy":"post_tag","embeddable":true,"href":"https:\/\/haberbesiktas.tr\/index.php?rest_route=%2Fwp%2Fv2%2Ftags&post=53651"}],"curies":[{"name":"wp","href":"https:\/\/api.w.org\/{rel}","templated":true}]}}