{"id":53654,"date":"2026-01-27T14:12:05","date_gmt":"2026-01-27T14:12:05","guid":{"rendered":"https:\/\/haberbesiktas.tr\/?p=53654"},"modified":"2026-01-27T14:12:05","modified_gmt":"2026-01-27T14:12:05","slug":"iste-okan-burukun-manchester-city-plani","status":"publish","type":"post","link":"https:\/\/haberbesiktas.tr\/?p=53654","title":{"rendered":"\u0130\u015fte Okan Buruk&#8217;un Manchester City plan\u0131!"},"content":{"rendered":"<div>Galatasaray, UEFA \u015eampiyonlar Ligi&#8217;nin son haftas\u0131nda Manchester City ile deplasmanda kar\u015f\u0131 kar\u015f\u0131ya gelecek.<\/p>\n<p> Galatasaray, Manchester City&#8217;nin mevcut s\u0131k\u0131nt\u0131lar\u0131n\u0131 yeterli kullan\u0131p, kendi g\u00fc\u00e7l\u00fc taraflar\u0131n\u0131 azamiye \u00e7\u0131kar\u0131rsa ger\u00e7ek bir \u015fok sonu\u00e7 alabilir.<\/p>\n<p> Teknik Y\u00f6netici Okan Buruk da bu fikri \u00e7ar\u015famba g\u00fcn\u00fc oynanacak \u015eampiyonlar Ligi ma\u00e7\u0131 \u00f6ncesi gruba a\u015f\u0131l\u0131yor. Birinci 8&#8217;e girmek i\u00e7in galibiyete gereksinimi olan taraf Manchester City ve bask\u0131 alt\u0131ndalar. Leverkusen ve Bodo Glimt&#8217;in yendi\u011fi bir kadro. <\/p>\n<p> Okan Buruk, Pep Guardiola&#8217;n\u0131n grubunun istikrar\u0131n\u0131 pres ile bozacak, orta saha zay\u0131fl\u0131klar\u0131n\u0131 kullanacak. Manchester City son devirde orta alanda tahlil \u00fcretmekte zorlan\u0131yor.<\/p>\n<p> Manchester City&#8217;nin y\u00fcksek defans \u00e7izgisi ve ofsayt tuza\u011f\u0131 Victor Osimhen merkezi ak\u0131ll\u0131 hareketlerle a\u015f\u0131lacak. Okan Buruk, \u00f6\u011frencilerine <strong>&#8220;Kompakt kal, bask\u0131y\u0131 g\u00f6\u011f\u00fcsle ve kontra ile vur.&#8221;<\/strong> dedi.<\/p>\n<\/div>\n","protected":false},"excerpt":{"rendered":"<p>Galatasaray Teknik Y\u00f6neticisi Okan Buruk, Manchester City ma\u00e7\u0131 plan\u0131n\u0131 haz\u0131rlad\u0131.<\/p>\n","protected":false},"author":1,"featured_media":53655,"comment_status":"open","ping_status":"open","sticky":false,"template":"","format":"standard","meta":{"footnotes":""},"categories":[25],"tags":[869],"class_list":["post-53654","post","type-post","status-publish","format-standard","has-post-thumbnail","hentry","category-futbol","tag-manchester-city"],"_links":{"self":[{"href":"https:\/\/haberbesiktas.tr\/index.php?rest_route=\/wp\/v2\/posts\/53654","targetHints":{"allow":["GET"]}}],"collection":[{"href":"https:\/\/haberbesiktas.tr\/index.php?rest_route=\/wp\/v2\/posts"}],"about":[{"href":"https:\/\/haberbesiktas.tr\/index.php?rest_route=\/wp\/v2\/types\/post"}],"author":[{"embeddable":true,"href":"https:\/\/haberbesiktas.tr\/index.php?rest_route=\/wp\/v2\/users\/1"}],"replies":[{"embeddable":true,"href":"https:\/\/haberbesiktas.tr\/index.php?rest_route=%2Fwp%2Fv2%2Fcomments&post=53654"}],"version-history":[{"count":1,"href":"https:\/\/haberbesiktas.tr\/index.php?rest_route=\/wp\/v2\/posts\/53654\/revisions"}],"predecessor-version":[{"id":53656,"href":"https:\/\/haberbesiktas.tr\/index.php?rest_route=\/wp\/v2\/posts\/53654\/revisions\/53656"}],"wp:featuredmedia":[{"embeddable":true,"href":"https:\/\/haberbesiktas.tr\/index.php?rest_route=\/wp\/v2\/media\/53655"}],"wp:attachment":[{"href":"https:\/\/haberbesiktas.tr\/index.php?rest_route=%2Fwp%2Fv2%2Fmedia&parent=53654"}],"wp:term":[{"taxonomy":"category","embeddable":true,"href":"https:\/\/haberbesiktas.tr\/index.php?rest_route=%2Fwp%2Fv2%2Fcategories&post=53654"},{"taxonomy":"post_tag","embeddable":true,"href":"https:\/\/haberbesiktas.tr\/index.php?rest_route=%2Fwp%2Fv2%2Ftags&post=53654"}],"curies":[{"name":"wp","href":"https:\/\/api.w.org\/{rel}","templated":true}]}}