{"id":53693,"date":"2026-01-27T16:48:05","date_gmt":"2026-01-27T16:48:05","guid":{"rendered":"https:\/\/haberbesiktas.tr\/?p=53693"},"modified":"2026-01-27T16:48:05","modified_gmt":"2026-01-27T16:48:05","slug":"fenerbahcede-surpriz-ayrilik-iddiasi-fred","status":"publish","type":"post","link":"https:\/\/haberbesiktas.tr\/?p=53693","title":{"rendered":"Fenerbah\u00e7e&#8217;de s\u00fcrpriz ayr\u0131l\u0131k iddias\u0131: Fred"},"content":{"rendered":"<div>\n<p>Fenerbah\u00e7e&#8217;de transfer \u00e7al\u0131\u015fmalar\u0131 s\u00fcrat kesmeden devam ederken, kadrodan ayr\u0131labilecek isimler de g\u00fcndeme gelmeye ba\u015flad\u0131. Sar\u0131-lacivertlilerde bu isimlerden birinin Brezilyal\u0131 orta saha oyuncusu Fred olabilece\u011fi tez edildi.\u00a0<\/p>\n<p> Be\u015fikta\u015f&#8217;tan Rafa Silva&#8217;y\u0131 tak\u0131m\u0131na katan Benfica, bu kere rotas\u0131n\u0131 Fenerbah\u00e7e&#8217;ye \u00e7evirdi. <span><em><strong>S\u00f6zc\u00fc&#8217;de yer alan haberde,<\/strong> <\/em><\/span>Portekiz grubunun Fred&#8217;e olan ilgisinin son g\u00fcnlerde \u00f6nemli formda artt\u0131\u011f\u0131 belirtildi.\u00a0<\/p>\n<p> <strong>MOURINHO FAKT\u00d6R\u00dc \u00d6NE \u00c7IKIYOR<\/strong> <\/p>\n<p> Benfica&#8217;n\u0131n teknik y\u00f6neticili\u011fini yapan Jose Mourinho&#8217;nun, Fred transferinde k\u0131ymetli bir rol oynad\u0131\u011f\u0131 s\u00f6z edildi. Daha evvel Manchester United ve Fenerbah\u00e7e&#8217;de birlikte \u00e7al\u0131\u015fan ikilinin yine bulu\u015fma ihtimali transferi cazip hale getirirken, Fred&#8217;in de Benfica&#8217;da forma giymeye s\u0131cak bakt\u0131\u011f\u0131 \u00f6ne s\u00fcr\u00fcld\u00fc.<\/p>\n<p> <strong>S\u00d6ZLE\u015eMES\u0130 DEVAM ED\u0130YOR<\/strong><\/p>\n<p> Fred&#8217;in Fenerbah\u00e7e ile olan kontrat\u0131 Haziran 2027&#8217;ye kadar devam ediyor.<\/p>\n<\/div>\n","protected":false},"excerpt":{"rendered":"<p>Fenerbah\u00e7e formas\u0131 giyen Brezilyal\u0131 orta saha oyuncusu Fred&#8217;in gelece\u011fiyle ilgili dikkat \u00e7eken bir arg\u00fcman ortaya at\u0131ld\u0131. \u0130\u015fte haberin ayr\u0131nt\u0131lar\u0131&#8230;<\/p>\n","protected":false},"author":1,"featured_media":53694,"comment_status":"open","ping_status":"open","sticky":false,"template":"","format":"standard","meta":{"footnotes":""},"categories":[25],"tags":[2138],"class_list":["post-53693","post","type-post","status-publish","format-standard","has-post-thumbnail","hentry","category-futbol","tag-fred"],"_links":{"self":[{"href":"https:\/\/haberbesiktas.tr\/index.php?rest_route=\/wp\/v2\/posts\/53693","targetHints":{"allow":["GET"]}}],"collection":[{"href":"https:\/\/haberbesiktas.tr\/index.php?rest_route=\/wp\/v2\/posts"}],"about":[{"href":"https:\/\/haberbesiktas.tr\/index.php?rest_route=\/wp\/v2\/types\/post"}],"author":[{"embeddable":true,"href":"https:\/\/haberbesiktas.tr\/index.php?rest_route=\/wp\/v2\/users\/1"}],"replies":[{"embeddable":true,"href":"https:\/\/haberbesiktas.tr\/index.php?rest_route=%2Fwp%2Fv2%2Fcomments&post=53693"}],"version-history":[{"count":1,"href":"https:\/\/haberbesiktas.tr\/index.php?rest_route=\/wp\/v2\/posts\/53693\/revisions"}],"predecessor-version":[{"id":53695,"href":"https:\/\/haberbesiktas.tr\/index.php?rest_route=\/wp\/v2\/posts\/53693\/revisions\/53695"}],"wp:featuredmedia":[{"embeddable":true,"href":"https:\/\/haberbesiktas.tr\/index.php?rest_route=\/wp\/v2\/media\/53694"}],"wp:attachment":[{"href":"https:\/\/haberbesiktas.tr\/index.php?rest_route=%2Fwp%2Fv2%2Fmedia&parent=53693"}],"wp:term":[{"taxonomy":"category","embeddable":true,"href":"https:\/\/haberbesiktas.tr\/index.php?rest_route=%2Fwp%2Fv2%2Fcategories&post=53693"},{"taxonomy":"post_tag","embeddable":true,"href":"https:\/\/haberbesiktas.tr\/index.php?rest_route=%2Fwp%2Fv2%2Ftags&post=53693"}],"curies":[{"name":"wp","href":"https:\/\/api.w.org\/{rel}","templated":true}]}}