{"id":53696,"date":"2026-01-27T17:00:05","date_gmt":"2026-01-27T17:00:05","guid":{"rendered":"https:\/\/haberbesiktas.tr\/?p=53696"},"modified":"2026-01-27T17:00:05","modified_gmt":"2026-01-27T17:00:05","slug":"juventus-muani-icin-yeniden-devrede","status":"publish","type":"post","link":"https:\/\/haberbesiktas.tr\/?p=53696","title":{"rendered":"Juventus, Muani i\u00e7in yeniden devrede"},"content":{"rendered":"<div>Juventus, ge\u00e7en d\u00f6nemin ikinci yar\u0131s\u0131nda grupta kiral\u0131k olarak forma giyen Randal Kolo Muani i\u00e7in yine harekete ge\u00e7ti.<\/p>\n<p> The Athletic&#8217;te yer alan habere nazaran, \u0130talyan grubu, bonservisi Paris Saint-Germain&#8217;de bulunan ve bu d\u00f6nem Tottenham&#8217;a kiralanan Muani ile tekrar ilgileniyor.<\/p>\n<p><strong>FES\u0130H GEREK\u0130YOR!<\/strong><\/p>\n<p> Juventus&#8217;un, Frans\u0131z golc\u00fcy\u00fc tak\u0131m\u0131na katmas\u0131 i\u00e7in Tottenham&#8217;\u0131n, Muani&#8217;nin kiral\u0131k mukavelesini feshetmesi gerekiyor.<\/p>\n<p><strong>JUVENTUS&#8217;TA NE YAPTI?<\/strong> <\/p>\n<p> Ge\u00e7en d\u00f6nemin ikinci yar\u0131s\u0131nda Juventus&#8217;ta kiral\u0131k olarak forma giyen 27 ya\u015f\u0131ndaki Kolo Muani, \u0130talyan grubunda 22 ma\u00e7ta 10 gol, 3 asistlik performans ortaya koydu.<\/p>\n<p><strong>SEZON PERFORMANSI<\/strong><\/p>\n<p> Muani, bu d\u00f6nem kiral\u0131k olarak imza att\u0131\u011f\u0131 Tottenham&#8217;da 23 ma\u00e7ta 2 gol att\u0131 ve 3 asist yapt\u0131.<\/p>\n<\/div>\n","protected":false},"excerpt":{"rendered":"<p>Juventus, Tottenham&#8217;da kiral\u0131k olarak forma giyen Randal Kolo Muani ile ilgileniyor. \u0130talyan grubu, Muani&#8217;yi ge\u00e7en d\u00f6nemin ikinci yar\u0131s\u0131nda Paris Saint-Germain&#8217;den kiralam\u0131\u015ft\u0131.<\/p>\n","protected":false},"author":1,"featured_media":53697,"comment_status":"open","ping_status":"open","sticky":false,"template":"","format":"standard","meta":{"footnotes":""},"categories":[25],"tags":[1751,57],"class_list":["post-53696","post","type-post","status-publish","format-standard","has-post-thumbnail","hentry","category-futbol","tag-muani","tag-sezon"],"_links":{"self":[{"href":"https:\/\/haberbesiktas.tr\/index.php?rest_route=\/wp\/v2\/posts\/53696","targetHints":{"allow":["GET"]}}],"collection":[{"href":"https:\/\/haberbesiktas.tr\/index.php?rest_route=\/wp\/v2\/posts"}],"about":[{"href":"https:\/\/haberbesiktas.tr\/index.php?rest_route=\/wp\/v2\/types\/post"}],"author":[{"embeddable":true,"href":"https:\/\/haberbesiktas.tr\/index.php?rest_route=\/wp\/v2\/users\/1"}],"replies":[{"embeddable":true,"href":"https:\/\/haberbesiktas.tr\/index.php?rest_route=%2Fwp%2Fv2%2Fcomments&post=53696"}],"version-history":[{"count":1,"href":"https:\/\/haberbesiktas.tr\/index.php?rest_route=\/wp\/v2\/posts\/53696\/revisions"}],"predecessor-version":[{"id":53698,"href":"https:\/\/haberbesiktas.tr\/index.php?rest_route=\/wp\/v2\/posts\/53696\/revisions\/53698"}],"wp:featuredmedia":[{"embeddable":true,"href":"https:\/\/haberbesiktas.tr\/index.php?rest_route=\/wp\/v2\/media\/53697"}],"wp:attachment":[{"href":"https:\/\/haberbesiktas.tr\/index.php?rest_route=%2Fwp%2Fv2%2Fmedia&parent=53696"}],"wp:term":[{"taxonomy":"category","embeddable":true,"href":"https:\/\/haberbesiktas.tr\/index.php?rest_route=%2Fwp%2Fv2%2Fcategories&post=53696"},{"taxonomy":"post_tag","embeddable":true,"href":"https:\/\/haberbesiktas.tr\/index.php?rest_route=%2Fwp%2Fv2%2Ftags&post=53696"}],"curies":[{"name":"wp","href":"https:\/\/api.w.org\/{rel}","templated":true}]}}