{"id":53732,"date":"2026-01-27T19:24:07","date_gmt":"2026-01-27T19:24:07","guid":{"rendered":"https:\/\/haberbesiktas.tr\/?p=53732"},"modified":"2026-01-27T19:24:07","modified_gmt":"2026-01-27T19:24:07","slug":"wilfred-ndidinin-aci-gunu","status":"publish","type":"post","link":"https:\/\/haberbesiktas.tr\/?p=53732","title":{"rendered":"Wilfred Ndidi&#8217;nin ac\u0131 g\u00fcn\u00fc"},"content":{"rendered":"<div>Be\u015fikta\u015f formas\u0131 giyen Wilfred Ndidi, babas\u0131n\u0131 kaybetti.<\/p>\n<p> Be\u015fikta\u015f, Ndidi&#8217;nin babas\u0131 Sunday Ndidi&#8217;nin trafik kazas\u0131nda hayat\u0131n\u0131 kaybetti\u011fini a\u00e7\u0131klad\u0131.<\/p>\n<p> Be\u015fikta\u015f&#8217;tan yap\u0131lan a\u00e7\u0131klamada, <strong>&#8220;Futbolcumuz Wilfred Ndidi&#8217;nin de\u011ferli babas\u0131 Sunday Ndidi&#8217;nin elim bir trafik kazas\u0131nda hayat\u0131n\u0131 kaybetti\u011fini b\u00fcy\u00fck bir kederle \u00f6\u011frenmi\u015f bulunmaktay\u0131z. Merhuma Allah&#8217;tan rahmet; Futbolcumuz Wilfred Ndidi&#8217;ye, ailesine ve yak\u0131nlar\u0131na ba\u015fsa\u011fl\u0131\u011f\u0131 dileriz.&#8221;<\/strong> denildi.<\/p>\n<p> Sunday Ndidi&#8217;ye Allah&#8217;tan rahmet, Ndidi ailesine, yak\u0131nlar\u0131na ve Be\u015fikta\u015f toplulu\u011funa ba\u015fsa\u011fl\u0131\u011f\u0131 dileriz.<\/p>\n<\/div>\n","protected":false},"excerpt":{"rendered":"<p>Wilfred Ndidi&#8217;nin babas\u0131 Sunday Ndidi, trafik kazas\u0131nda hayat\u0131n\u0131 kaybetti.<\/p>\n","protected":false},"author":1,"featured_media":53733,"comment_status":"open","ping_status":"open","sticky":false,"template":"","format":"standard","meta":{"footnotes":""},"categories":[25],"tags":[3940],"class_list":["post-53732","post","type-post","status-publish","format-standard","has-post-thumbnail","hentry","category-futbol","tag-ndidi"],"_links":{"self":[{"href":"https:\/\/haberbesiktas.tr\/index.php?rest_route=\/wp\/v2\/posts\/53732","targetHints":{"allow":["GET"]}}],"collection":[{"href":"https:\/\/haberbesiktas.tr\/index.php?rest_route=\/wp\/v2\/posts"}],"about":[{"href":"https:\/\/haberbesiktas.tr\/index.php?rest_route=\/wp\/v2\/types\/post"}],"author":[{"embeddable":true,"href":"https:\/\/haberbesiktas.tr\/index.php?rest_route=\/wp\/v2\/users\/1"}],"replies":[{"embeddable":true,"href":"https:\/\/haberbesiktas.tr\/index.php?rest_route=%2Fwp%2Fv2%2Fcomments&post=53732"}],"version-history":[{"count":1,"href":"https:\/\/haberbesiktas.tr\/index.php?rest_route=\/wp\/v2\/posts\/53732\/revisions"}],"predecessor-version":[{"id":53734,"href":"https:\/\/haberbesiktas.tr\/index.php?rest_route=\/wp\/v2\/posts\/53732\/revisions\/53734"}],"wp:featuredmedia":[{"embeddable":true,"href":"https:\/\/haberbesiktas.tr\/index.php?rest_route=\/wp\/v2\/media\/53733"}],"wp:attachment":[{"href":"https:\/\/haberbesiktas.tr\/index.php?rest_route=%2Fwp%2Fv2%2Fmedia&parent=53732"}],"wp:term":[{"taxonomy":"category","embeddable":true,"href":"https:\/\/haberbesiktas.tr\/index.php?rest_route=%2Fwp%2Fv2%2Fcategories&post=53732"},{"taxonomy":"post_tag","embeddable":true,"href":"https:\/\/haberbesiktas.tr\/index.php?rest_route=%2Fwp%2Fv2%2Ftags&post=53732"}],"curies":[{"name":"wp","href":"https:\/\/api.w.org\/{rel}","templated":true}]}}