{"id":53738,"date":"2026-01-27T19:48:08","date_gmt":"2026-01-27T19:48:08","guid":{"rendered":"https:\/\/haberbesiktas.tr\/?p=53738"},"modified":"2026-01-27T19:48:08","modified_gmt":"2026-01-27T19:48:08","slug":"angel-di-mariadan-jose-mourinhoya-buyuk-ovgu","status":"publish","type":"post","link":"https:\/\/haberbesiktas.tr\/?p=53738","title":{"rendered":"Angel Di Maria&#8217;dan Jose Mourinho&#8217;ya b\u00fcy\u00fck \u00f6vg\u00fc"},"content":{"rendered":"<div>Real Madrid&#8217;in eski y\u0131ld\u0131zlar\u0131ndan Angel Di Maria, \u0130spanyol devinde birlikte \u00e7al\u0131\u015ft\u0131\u011f\u0131 Jose Mourinho ile ilgili a\u00e7\u0131klamalarda bulundu.<\/p>\n<p> Real Madrid&#8217;e Jose Mourinho ile birlikte giden (2010 y\u0131l\u0131) Arjantinli y\u0131ld\u0131z, Mourinho ile \u00e7al\u0131\u015ft\u0131\u011f\u0131 periyodu anlatt\u0131 ve, <strong>&#8220;Her vakit ona minnettar kalaca\u011f\u0131m.&#8221;<\/strong> diye konu\u015ftu.<\/p>\n<p> Mourinho&#8217;nun kendisi i\u00e7in \u00e7ok \u015fey tabir etti\u011fini anlatan Angel Di Maria, <strong>&#8220;Bana her \u015feyi verdi. Ona her vakit minnettar olaca\u011f\u0131m. 2010 D\u00fcnya Kupas\u0131&#8217;nda \u015fahs\u00ee olarak ba\u015far\u0131l\u0131 bir turnuva ge\u00e7irmemi\u015ftim lakin Real Madrid&#8217;e transfer olmam\u0131 istedi ve bana dayanak oldu.&#8221;<\/strong> kelamlar\u0131n\u0131 kulland\u0131. <\/p>\n<p> Jose Mourinho, 2010 y\u0131l\u0131nda imza att\u0131\u011f\u0131 Real Madrid&#8217;den 2013 y\u0131l\u0131nda ayr\u0131lm\u0131\u015ft\u0131.<\/p>\n<p> 37 ya\u015f\u0131ndaki Di Maria ise 2010 y\u0131l\u0131nda transfer oldu\u011fu Real Madrid&#8217;den 2014 y\u0131l\u0131nda ayr\u0131ld\u0131 ve Manchester United&#8217;a imza att\u0131.<\/p>\n<\/div>\n","protected":false},"excerpt":{"rendered":"<p>Arjantinli y\u0131ld\u0131z Angel Di Maria, Real Madrid&#8217;de birlikte \u00e7al\u0131\u015ft\u0131\u011f\u0131 Jose Mourinho i\u00e7in, &#8220;Her vakit ona minnettar kalaca\u011f\u0131m.&#8221; dedi.<\/p>\n","protected":false},"author":1,"featured_media":53739,"comment_status":"open","ping_status":"open","sticky":false,"template":"","format":"standard","meta":{"footnotes":""},"categories":[25],"tags":[704,700],"class_list":["post-53738","post","type-post","status-publish","format-standard","has-post-thumbnail","hentry","category-futbol","tag-mourinho","tag-real"],"_links":{"self":[{"href":"https:\/\/haberbesiktas.tr\/index.php?rest_route=\/wp\/v2\/posts\/53738","targetHints":{"allow":["GET"]}}],"collection":[{"href":"https:\/\/haberbesiktas.tr\/index.php?rest_route=\/wp\/v2\/posts"}],"about":[{"href":"https:\/\/haberbesiktas.tr\/index.php?rest_route=\/wp\/v2\/types\/post"}],"author":[{"embeddable":true,"href":"https:\/\/haberbesiktas.tr\/index.php?rest_route=\/wp\/v2\/users\/1"}],"replies":[{"embeddable":true,"href":"https:\/\/haberbesiktas.tr\/index.php?rest_route=%2Fwp%2Fv2%2Fcomments&post=53738"}],"version-history":[{"count":1,"href":"https:\/\/haberbesiktas.tr\/index.php?rest_route=\/wp\/v2\/posts\/53738\/revisions"}],"predecessor-version":[{"id":53740,"href":"https:\/\/haberbesiktas.tr\/index.php?rest_route=\/wp\/v2\/posts\/53738\/revisions\/53740"}],"wp:featuredmedia":[{"embeddable":true,"href":"https:\/\/haberbesiktas.tr\/index.php?rest_route=\/wp\/v2\/media\/53739"}],"wp:attachment":[{"href":"https:\/\/haberbesiktas.tr\/index.php?rest_route=%2Fwp%2Fv2%2Fmedia&parent=53738"}],"wp:term":[{"taxonomy":"category","embeddable":true,"href":"https:\/\/haberbesiktas.tr\/index.php?rest_route=%2Fwp%2Fv2%2Fcategories&post=53738"},{"taxonomy":"post_tag","embeddable":true,"href":"https:\/\/haberbesiktas.tr\/index.php?rest_route=%2Fwp%2Fv2%2Ftags&post=53738"}],"curies":[{"name":"wp","href":"https:\/\/api.w.org\/{rel}","templated":true}]}}