{"id":53741,"date":"2026-01-27T20:00:09","date_gmt":"2026-01-27T20:00:09","guid":{"rendered":"https:\/\/haberbesiktas.tr\/?p=53741"},"modified":"2026-01-27T20:00:09","modified_gmt":"2026-01-27T20:00:09","slug":"fenerbahcede-forvet-icin-rota-brezilya-jose-manuel-lopez","status":"publish","type":"post","link":"https:\/\/haberbesiktas.tr\/?p=53741","title":{"rendered":"Fenerbah\u00e7e&#8217;de forvet i\u00e7in rota Brezilya: Jose Manuel Lopez"},"content":{"rendered":"<div>\n<p><span>H\u00fccum s\u0131n\u0131r\u0131n\u0131 g\u00fc\u00e7lendirmek isteyen Fenerbah\u00e7e, rotas\u0131n\u0131 Brezilya&#8217;ya \u00e7evirdi. <\/p>\n<p>Sar\u0131-lacivertlilerin, Palmeiras formas\u0131 giyen<strong> Jose Manuel<\/strong><\/span><strong><span><strong>\u00a0<\/strong>Lopez<\/span><\/strong><span> i\u00e7in sat\u0131n alma se\u00e7ene\u011fini \u00f6nemli formda de\u011ferlendirdi\u011fi \u00f6\u011frenildi.<\/span>\u00a0<\/p>\n<p><strong><span>FENERBAH\u00c7E OYUNCUNUN DURUMUNU SORDU<\/span><\/strong><\/p>\n<p><span><span><em><strong>Brezilya bas\u0131n\u0131nda yer alan haberlere g\u00f6re<\/strong> <\/em><\/span>Fenerbah\u00e7e, son g\u00fcnlerde Palmeiras cephesiyle temasa ge\u00e7erek oyuncunun durumunu sordu. Palmeiras idaresinin, tak\u0131m\u0131n kilit mod\u00fcllerinden birini kaybetmeye s\u0131cak bakmad\u0131\u011f\u0131 lakin <\/span><span>y\u00fcksek bir teklif<\/span><span> gelmesi h\u00e2linde belgeyi de\u011ferlendirebilece\u011fi tabir ediliyor.<\/span>\u00a0 <\/p>\n<p><strong><span>S\u00d6ZLE\u015eMES\u0130 VE P\u0130YASA DE\u011eER\u0130<\/span><\/strong><\/p>\n<p><span>Palmeiras ile olan kontrat\u0131 <\/span><span>Aral\u0131k 2029&#8217;a<\/span><span> kadar uzat\u0131lan\u00a0Lopez&#8217;in piyasa k\u0131ymeti 20 milyon euro olarak g\u00f6steriliyor.<\/p>\n<p><strong>PERFORMANSI<\/strong><\/p>\n<p>Bu d\u00f6nem Palmerias formas\u0131yla 4 ma\u00e7a \u00e7\u0131kan Lopez, 2 gol 3 asistlik performans sergiledi.<\/p>\n<p><\/span><\/p>\n<\/div>\n","protected":false},"excerpt":{"rendered":"<p>Atak \u00e7izgisini g\u00fc\u00e7lendirmek isteyen Fenerbah\u00e7e, Palmeiras formas\u0131 giyen Jose Manuel Lopez&#8217;i g\u00fcndemine ald\u0131.<\/p>\n","protected":false},"author":1,"featured_media":53742,"comment_status":"open","ping_status":"open","sticky":false,"template":"","format":"standard","meta":{"footnotes":""},"categories":[25],"tags":[],"class_list":["post-53741","post","type-post","status-publish","format-standard","has-post-thumbnail","hentry","category-futbol"],"_links":{"self":[{"href":"https:\/\/haberbesiktas.tr\/index.php?rest_route=\/wp\/v2\/posts\/53741","targetHints":{"allow":["GET"]}}],"collection":[{"href":"https:\/\/haberbesiktas.tr\/index.php?rest_route=\/wp\/v2\/posts"}],"about":[{"href":"https:\/\/haberbesiktas.tr\/index.php?rest_route=\/wp\/v2\/types\/post"}],"author":[{"embeddable":true,"href":"https:\/\/haberbesiktas.tr\/index.php?rest_route=\/wp\/v2\/users\/1"}],"replies":[{"embeddable":true,"href":"https:\/\/haberbesiktas.tr\/index.php?rest_route=%2Fwp%2Fv2%2Fcomments&post=53741"}],"version-history":[{"count":1,"href":"https:\/\/haberbesiktas.tr\/index.php?rest_route=\/wp\/v2\/posts\/53741\/revisions"}],"predecessor-version":[{"id":53743,"href":"https:\/\/haberbesiktas.tr\/index.php?rest_route=\/wp\/v2\/posts\/53741\/revisions\/53743"}],"wp:featuredmedia":[{"embeddable":true,"href":"https:\/\/haberbesiktas.tr\/index.php?rest_route=\/wp\/v2\/media\/53742"}],"wp:attachment":[{"href":"https:\/\/haberbesiktas.tr\/index.php?rest_route=%2Fwp%2Fv2%2Fmedia&parent=53741"}],"wp:term":[{"taxonomy":"category","embeddable":true,"href":"https:\/\/haberbesiktas.tr\/index.php?rest_route=%2Fwp%2Fv2%2Fcategories&post=53741"},{"taxonomy":"post_tag","embeddable":true,"href":"https:\/\/haberbesiktas.tr\/index.php?rest_route=%2Fwp%2Fv2%2Ftags&post=53741"}],"curies":[{"name":"wp","href":"https:\/\/api.w.org\/{rel}","templated":true}]}}