{"id":53744,"date":"2026-01-27T20:12:10","date_gmt":"2026-01-27T20:12:10","guid":{"rendered":"https:\/\/haberbesiktas.tr\/?p=53744"},"modified":"2026-01-27T20:12:10","modified_gmt":"2026-01-27T20:12:10","slug":"fernando-muslera-galatasaray-hayatimin-karari","status":"publish","type":"post","link":"https:\/\/haberbesiktas.tr\/?p=53744","title":{"rendered":"Fernando Muslera: &#8220;Galatasaray hayat\u0131m\u0131n karar\u0131&#8221;"},"content":{"rendered":"<div>\n<p>Uruguay futbolunun efsane kalecis<strong>i Fernando Muslera<\/strong>, Ovacion&#8217;a verdi\u011fi kapsaml\u0131 r\u00f6portajda mesle\u011finin d\u00f6n\u00fcm noktalar\u0131n\u0131 anlat\u0131rken Galatasaray&#8217;a \u00f6zel bir parantez a\u00e7t\u0131. Sar\u0131-k\u0131rm\u0131z\u0131l\u0131 kul\u00fcb\u00fc hem sportif hem de insani a\u00e7\u0131dan hayat\u0131nda \u00e7ok \u00f6zel bir yere koyan Muslera, T\u00fcrkiye y\u0131llar\u0131n\u0131 &#8220;en hakikat karar&#8221; olarak tan\u0131mlad\u0131.\u00a0<\/p>\n<p> <strong>&#8220;GALATASARAY MESLE\u011e\u0130MDE VERD\u0130\u011e\u0130M EN \u00c2L\u00c2 KARARDI&#8221;<\/strong><\/p>\n<p> Muslera, Galatasaray&#8217;a transferini hayat\u0131ndaki en ger\u00e7ek ad\u0131mlardan biri olarak g\u00f6rd\u00fc\u011f\u00fcn\u00fc belirterek, <strong>&#8220;Ki\u015fisel manada verdi\u011fim en yeterli karard\u0131. T\u00fcrkiye&#8217;deki lig \u00e7ok k\u00fc\u00e7\u00fcmseniyor fakat asl\u0131nda son derece rekabet\u00e7i, statlar\u0131 \u00fcst seviye ve atmosferi \u00e7ok g\u00fc\u00e7l\u00fc bir lig&#8221;<\/strong> tabirlerini kulland\u0131. <\/p>\n<p> <strong>&#8220;GALATASARAY BEN\u0130M \u0130K\u0130NC\u0130 EV\u0130M&#8221;<\/strong><\/p>\n<p> Sar\u0131-k\u0131rm\u0131z\u0131l\u0131 kul\u00fcb\u00fcn kendisi i\u00e7in manas\u0131n\u0131 net bir c\u00fcmleyle \u00f6zetleyen Muslera, <strong>&#8220;Galatasaray benim ikinci meskenim. Hem futbol hem de hayat a\u00e7\u0131s\u0131ndan\u2026 Orada uzun y\u0131llar oynad\u0131m, kaptanl\u0131k yapt\u0131m, iki \u00e7ocu\u011fum T\u00fcrkiye&#8217;de do\u011fdu ve ailemi orada kurdum&#8221;<\/strong> dedi.<\/p>\n<p> <strong>KUL\u00dcPLER ARASI \u0130\u015e B\u0130RL\u0130\u011e\u0130<\/strong><\/p>\n<p> Galatasaray&#8217;\u0131n kendisi i\u00e7in kulland\u0131\u011f\u0131 &#8220;efsane&#8221; tabirine de de\u011finen Muslera, bu unvan\u0131n kendisi i\u00e7in b\u00fcy\u00fck bir gurur oldu\u011funu lisana getirdi. Kul\u00fcple ba\u011f\u0131n\u0131n futbolu b\u0131rakt\u0131ktan sonra da s\u00fcrece\u011fini vurgulayan tecr\u00fcbeli kaleci, Galatasaray ile hala kul\u00fcpler aras\u0131 i\u015f birli\u011fi i\u00e7inde olduklar\u0131n\u0131 da a\u00e7\u0131klad\u0131.<\/p>\n<p> Muslera, sahibi oldu\u011fu Sportivo Bella Italia ile Galatasaray aras\u0131nda bir i\u015f birli\u011fi bulundu\u011funu s\u00f6yleyerek, <strong>&#8220;Galatasaray ve Wanderers \u00fczere beni ben yapan kul\u00fcplerle irtibatta olmak beni \u00e7ok memnun ediyor. Bu ba\u011flar futbolun yaln\u0131zca saha i\u00e7inden ibaret olmad\u0131\u011f\u0131n\u0131 g\u00f6steriyor&#8221;<\/strong> dedi.<\/p>\n<\/div>\n","protected":false},"excerpt":{"rendered":"<p>Fernando Muslera, Uruguay&#8217;da verdi\u011fi r\u00f6portajda Galatasaray&#8217;a \u00f6zel bir parantez a\u00e7t\u0131. Uruguayl\u0131 efsane, sar\u0131-k\u0131rm\u0131z\u0131l\u0131 kul\u00fcb\u00fc mesle\u011findeki &#8220;en hakikat karar&#8221; olarak tan\u0131mlad\u0131.<\/p>\n","protected":false},"author":1,"featured_media":53745,"comment_status":"open","ping_status":"open","sticky":false,"template":"","format":"standard","meta":{"footnotes":""},"categories":[25],"tags":[129,1049],"class_list":["post-53744","post","type-post","status-publish","format-standard","has-post-thumbnail","hentry","category-futbol","tag-galatasaray","tag-muslera"],"_links":{"self":[{"href":"https:\/\/haberbesiktas.tr\/index.php?rest_route=\/wp\/v2\/posts\/53744","targetHints":{"allow":["GET"]}}],"collection":[{"href":"https:\/\/haberbesiktas.tr\/index.php?rest_route=\/wp\/v2\/posts"}],"about":[{"href":"https:\/\/haberbesiktas.tr\/index.php?rest_route=\/wp\/v2\/types\/post"}],"author":[{"embeddable":true,"href":"https:\/\/haberbesiktas.tr\/index.php?rest_route=\/wp\/v2\/users\/1"}],"replies":[{"embeddable":true,"href":"https:\/\/haberbesiktas.tr\/index.php?rest_route=%2Fwp%2Fv2%2Fcomments&post=53744"}],"version-history":[{"count":1,"href":"https:\/\/haberbesiktas.tr\/index.php?rest_route=\/wp\/v2\/posts\/53744\/revisions"}],"predecessor-version":[{"id":53746,"href":"https:\/\/haberbesiktas.tr\/index.php?rest_route=\/wp\/v2\/posts\/53744\/revisions\/53746"}],"wp:featuredmedia":[{"embeddable":true,"href":"https:\/\/haberbesiktas.tr\/index.php?rest_route=\/wp\/v2\/media\/53745"}],"wp:attachment":[{"href":"https:\/\/haberbesiktas.tr\/index.php?rest_route=%2Fwp%2Fv2%2Fmedia&parent=53744"}],"wp:term":[{"taxonomy":"category","embeddable":true,"href":"https:\/\/haberbesiktas.tr\/index.php?rest_route=%2Fwp%2Fv2%2Fcategories&post=53744"},{"taxonomy":"post_tag","embeddable":true,"href":"https:\/\/haberbesiktas.tr\/index.php?rest_route=%2Fwp%2Fv2%2Ftags&post=53744"}],"curies":[{"name":"wp","href":"https:\/\/api.w.org\/{rel}","templated":true}]}}