{"id":53770,"date":"2026-01-27T21:48:09","date_gmt":"2026-01-27T21:48:09","guid":{"rendered":"https:\/\/haberbesiktas.tr\/?p=53770"},"modified":"2026-01-27T21:48:09","modified_gmt":"2026-01-27T21:48:09","slug":"jeremy-doku-galatasaray-macina-hazirim","status":"publish","type":"post","link":"https:\/\/haberbesiktas.tr\/?p=53770","title":{"rendered":"Jeremy Doku: &#8220;Galatasaray ma\u00e7\u0131na haz\u0131r\u0131m&#8221;"},"content":{"rendered":"<div>Manchester City formas\u0131 giyen Jeremy Doku, \u015eampiyonlar Ligi&#8217;ndeki Galatasaray ma\u00e7\u0131 \u00f6ncesi a\u00e7\u0131klamalarda bulundu.<\/p>\n<p> Sakatl\u0131\u011f\u0131 nedeniyle Manchester City&#8217;nin bir \u00f6nceki \u015eampiyonlar Ligi ma\u00e7\u0131 olan Bodo\/Glimt ma\u00e7\u0131nda forma giyemeyen Doku, \u015fu anda durumunun g\u00fczel oldu\u011funu s\u00f6yledi.<\/p>\n<p><strong>&#8220;\u015eU ANDA \u0130Y\u0130Y\u0130M&#8221;<\/strong><\/p>\n<p> Bel\u00e7ikal\u0131 futbolcu,<strong> &#8220;Dizimde bir sakatl\u0131k oldu. Bodo\/Glimt ma\u00e7\u0131nda oynayamad\u0131m bu y\u00fczden. A\u011fr\u0131lar\u0131m vard\u0131. \u015eu anda \u00e2l\u00e2 hissediyorum.&#8221;<\/strong> dedi.<\/p>\n<p><strong>&#8220;KAZANMAK \u0130ST\u0130YORUZ&#8221;<\/strong> <\/p>\n<p> <strong>&#8220;Kazanmak istiyoruz. Elimizde olan\u0131, denetimimizde olan\u0131 yapmak istiyoruz.&#8221;<\/strong> diyen 23 ya\u015f\u0131ndaki futbolcu, <strong>&#8220;Baz\u0131 arkada\u015flar\u0131m yok lakin bizde de onlar\u0131n yerini doldurabilecek gerekli kalite ver. Onlar\u0131n yerini doldurmak i\u00e7in b\u00fcy\u00fck performans sergileyece\u011fiz ve bu hususta \u00f6z inanc\u0131m\u0131z y\u00fcksek.&#8221;<\/strong> kelamlar\u0131n\u0131 sarf etti.<\/p>\n<p> \u0130ki grubun da k\u0131ymetli atak oyuncular\u0131n\u0131n oldu\u011fu hat\u0131rlat\u0131lan Doku, bu hususla ilgili gelen sorunun akabinde, <strong>&#8220;B\u00fcy\u00fck oyuncular\u0131 var Galatasaray&#8217;\u0131n. Sane ve \u0130lkay, burada da oynad\u0131. Bizde de d\u00fczg\u00fcn oyuncular var. Onlara kar\u015f\u0131l\u0131k vermeye \u00e7al\u0131\u015faca\u011f\u0131z elimizden geldi\u011fince.&#8221;<\/strong> dedi.<\/p>\n<p> Manchester City formas\u0131 alt\u0131nda bu d\u00f6nem 29 ma\u00e7ta m\u00fcddet bulan Doku, 3 gol att\u0131 ve 9 asist yapt\u0131.<\/p>\n<\/div>\n","protected":false},"excerpt":{"rendered":"<p>Manchester City formas\u0131 giyen Jeremy Doku, Galatasaray ma\u00e7\u0131 \u00f6ncesi durumunun d\u00fczg\u00fcn oldu\u011funu s\u00f6yledi.<\/p>\n","protected":false},"author":1,"featured_media":53771,"comment_status":"open","ping_status":"open","sticky":false,"template":"","format":"standard","meta":{"footnotes":""},"categories":[25],"tags":[],"class_list":["post-53770","post","type-post","status-publish","format-standard","has-post-thumbnail","hentry","category-futbol"],"_links":{"self":[{"href":"https:\/\/haberbesiktas.tr\/index.php?rest_route=\/wp\/v2\/posts\/53770","targetHints":{"allow":["GET"]}}],"collection":[{"href":"https:\/\/haberbesiktas.tr\/index.php?rest_route=\/wp\/v2\/posts"}],"about":[{"href":"https:\/\/haberbesiktas.tr\/index.php?rest_route=\/wp\/v2\/types\/post"}],"author":[{"embeddable":true,"href":"https:\/\/haberbesiktas.tr\/index.php?rest_route=\/wp\/v2\/users\/1"}],"replies":[{"embeddable":true,"href":"https:\/\/haberbesiktas.tr\/index.php?rest_route=%2Fwp%2Fv2%2Fcomments&post=53770"}],"version-history":[{"count":1,"href":"https:\/\/haberbesiktas.tr\/index.php?rest_route=\/wp\/v2\/posts\/53770\/revisions"}],"predecessor-version":[{"id":53772,"href":"https:\/\/haberbesiktas.tr\/index.php?rest_route=\/wp\/v2\/posts\/53770\/revisions\/53772"}],"wp:featuredmedia":[{"embeddable":true,"href":"https:\/\/haberbesiktas.tr\/index.php?rest_route=\/wp\/v2\/media\/53771"}],"wp:attachment":[{"href":"https:\/\/haberbesiktas.tr\/index.php?rest_route=%2Fwp%2Fv2%2Fmedia&parent=53770"}],"wp:term":[{"taxonomy":"category","embeddable":true,"href":"https:\/\/haberbesiktas.tr\/index.php?rest_route=%2Fwp%2Fv2%2Fcategories&post=53770"},{"taxonomy":"post_tag","embeddable":true,"href":"https:\/\/haberbesiktas.tr\/index.php?rest_route=%2Fwp%2Fv2%2Ftags&post=53770"}],"curies":[{"name":"wp","href":"https:\/\/api.w.org\/{rel}","templated":true}]}}