{"id":53807,"date":"2026-01-28T00:12:07","date_gmt":"2026-01-28T00:12:07","guid":{"rendered":"https:\/\/haberbesiktas.tr\/?p=53807"},"modified":"2026-01-28T00:12:07","modified_gmt":"2026-01-28T00:12:07","slug":"albert-riera-bundesliga-yolcusu","status":"publish","type":"post","link":"https:\/\/haberbesiktas.tr\/?p=53807","title":{"rendered":"Albert Riera, Bundesliga yolcusu!"},"content":{"rendered":"<div>Slovenya Ligi tak\u0131m\u0131 NK Celje&#8217;nin hocas\u0131 Albert Riera, Almanya Bundesliga tak\u0131m\u0131 Eintracht Frankfurt&#8217;un yeni teknik y\u00f6neticisi oldu\u011fu sav\u0131 g\u00fcndeme geldi.<\/p>\n<p> Alman bas\u0131n\u0131nda yer alan habere nazaran; 43 ya\u015f\u0131ndaki \u0130spanyol \u00e7al\u0131\u015ft\u0131r\u0131c\u0131, NK Celje&#8217;de bulundu\u011fu teknik y\u00f6neticilik misyonundan ayr\u0131larak Frankfurt&#8217;un ba\u015f\u0131na ge\u00e7ecek.<\/p>\n<p> Galatasaray&#8217;da hem futbolcu hem de yard\u0131mc\u0131 antren\u00f6rl\u00fck yapan Riera, Celje&#8217;deki ikinci devrinde 1,84 puan ortalamas\u0131 yakalad\u0131.<\/p>\n<\/div>\n","protected":false},"excerpt":{"rendered":"<p>Slovenya Ligi tak\u0131m\u0131 NK Celje&#8217;de vazife yapan Albert Riera, Eintracht Frankfurt&#8217;un yeni teknik y\u00f6neticisi olmaya \u00e7ok yakla\u015ft\u0131.<\/p>\n","protected":false},"author":1,"featured_media":53808,"comment_status":"open","ping_status":"open","sticky":false,"template":"","format":"standard","meta":{"footnotes":""},"categories":[25],"tags":[],"class_list":["post-53807","post","type-post","status-publish","format-standard","has-post-thumbnail","hentry","category-futbol"],"_links":{"self":[{"href":"https:\/\/haberbesiktas.tr\/index.php?rest_route=\/wp\/v2\/posts\/53807","targetHints":{"allow":["GET"]}}],"collection":[{"href":"https:\/\/haberbesiktas.tr\/index.php?rest_route=\/wp\/v2\/posts"}],"about":[{"href":"https:\/\/haberbesiktas.tr\/index.php?rest_route=\/wp\/v2\/types\/post"}],"author":[{"embeddable":true,"href":"https:\/\/haberbesiktas.tr\/index.php?rest_route=\/wp\/v2\/users\/1"}],"replies":[{"embeddable":true,"href":"https:\/\/haberbesiktas.tr\/index.php?rest_route=%2Fwp%2Fv2%2Fcomments&post=53807"}],"version-history":[{"count":1,"href":"https:\/\/haberbesiktas.tr\/index.php?rest_route=\/wp\/v2\/posts\/53807\/revisions"}],"predecessor-version":[{"id":53809,"href":"https:\/\/haberbesiktas.tr\/index.php?rest_route=\/wp\/v2\/posts\/53807\/revisions\/53809"}],"wp:featuredmedia":[{"embeddable":true,"href":"https:\/\/haberbesiktas.tr\/index.php?rest_route=\/wp\/v2\/media\/53808"}],"wp:attachment":[{"href":"https:\/\/haberbesiktas.tr\/index.php?rest_route=%2Fwp%2Fv2%2Fmedia&parent=53807"}],"wp:term":[{"taxonomy":"category","embeddable":true,"href":"https:\/\/haberbesiktas.tr\/index.php?rest_route=%2Fwp%2Fv2%2Fcategories&post=53807"},{"taxonomy":"post_tag","embeddable":true,"href":"https:\/\/haberbesiktas.tr\/index.php?rest_route=%2Fwp%2Fv2%2Ftags&post=53807"}],"curies":[{"name":"wp","href":"https:\/\/api.w.org\/{rel}","templated":true}]}}