{"id":53813,"date":"2026-01-28T00:36:07","date_gmt":"2026-01-28T00:36:07","guid":{"rendered":"https:\/\/haberbesiktas.tr\/?p=53813"},"modified":"2026-01-28T00:36:07","modified_gmt":"2026-01-28T00:36:07","slug":"jhon-duran-icin-avrupa-iddiasi","status":"publish","type":"post","link":"https:\/\/haberbesiktas.tr\/?p=53813","title":{"rendered":"Jhon Duran i\u00e7in Avrupa iddias\u0131!"},"content":{"rendered":"<div>Fenerbah\u00e7e&#8217;nin Kolombiyal\u0131 golc\u00fcs\u00fc Jhon Duran i\u00e7in s\u0131cak transfer geli\u015fmeleri ya\u015fan\u0131yor&#8230;<\/p>\n<p> Fabrizio Romano&#8217;nun payla\u015ft\u0131\u011f\u0131 bilgilere nazaran, birka\u00e7 kul\u00fcp gen\u00e7 golc\u00fc i\u00e7in son dakika transfer ihtimali kapsam\u0131nda ilgisini net formda ortaya koydu.<\/p>\n<p> Bu hafta prestijiyle resmi olmayan temaslara ba\u015flayan kul\u00fcplerin, s\u00fcrecin nabz\u0131n\u0131 tutarak muhtemel bir at\u0131l\u0131m i\u00e7in taban haz\u0131rlad\u0131\u011f\u0131 tabir edildi. <\/p>\n<p> \u015eimdi resmi bir teklif bulunmazken, yoklamalar\u0131n k\u0131sa m\u00fcddette somut ad\u0131mlara d\u00f6n\u00fc\u015febilece\u011fi belirtildi.<\/p>\n<p><strong>TRANSERDEK\u0130 EN KR\u0130T\u0130K UNSUR<\/strong><\/p>\n<p> Transferdeki en kritik \u00f6ge ise Fenerbah\u00e7e idaresi ile Jhon Duran&#8217;\u0131n verece\u011fi karar olacak. Sar\u0131-lacivertli kul\u00fcb\u00fcn oyuncu i\u00e7in belirleyece\u011fi strateji ve Duran&#8217;\u0131n Avrupa ihtimaline yakla\u015f\u0131m\u0131, s\u00fcrecin seyrini belirleyecek.<\/p>\n<p> <strong>BU D\u00d6NEM DURAN<\/strong><\/p>\n<p>Sezon ba\u015f\u0131nda Al-Nassr&#8217;dan kiralanan Duran, Fenerbah\u00e7e formas\u0131yla 21 ma\u00e7ta 5 gol, 3 asistlik skor katk\u0131s\u0131 sa\u011flad\u0131. Duran&#8217;\u0131n Galatasaray derbisinde att\u0131\u011f\u0131 son dakika gol\u00fc ise unutulmazlar ortas\u0131na girdi.\u00a0<\/p>\n<\/div>\n","protected":false},"excerpt":{"rendered":"<p>Fenerbah\u00e7e&#8217;nin Kolombiyal\u0131 santrforu Jhon Duran&#8217;a Avrupa&#8217;n\u0131n \u00f6nde gelen kul\u00fcplerinden \u00e7ok say\u0131da teklif oldu\u011fu tez edildi.<\/p>\n","protected":false},"author":1,"featured_media":53814,"comment_status":"open","ping_status":"open","sticky":false,"template":"","format":"standard","meta":{"footnotes":""},"categories":[25],"tags":[3943],"class_list":["post-53813","post","type-post","status-publish","format-standard","has-post-thumbnail","hentry","category-futbol","tag-duran"],"_links":{"self":[{"href":"https:\/\/haberbesiktas.tr\/index.php?rest_route=\/wp\/v2\/posts\/53813","targetHints":{"allow":["GET"]}}],"collection":[{"href":"https:\/\/haberbesiktas.tr\/index.php?rest_route=\/wp\/v2\/posts"}],"about":[{"href":"https:\/\/haberbesiktas.tr\/index.php?rest_route=\/wp\/v2\/types\/post"}],"author":[{"embeddable":true,"href":"https:\/\/haberbesiktas.tr\/index.php?rest_route=\/wp\/v2\/users\/1"}],"replies":[{"embeddable":true,"href":"https:\/\/haberbesiktas.tr\/index.php?rest_route=%2Fwp%2Fv2%2Fcomments&post=53813"}],"version-history":[{"count":1,"href":"https:\/\/haberbesiktas.tr\/index.php?rest_route=\/wp\/v2\/posts\/53813\/revisions"}],"predecessor-version":[{"id":53815,"href":"https:\/\/haberbesiktas.tr\/index.php?rest_route=\/wp\/v2\/posts\/53813\/revisions\/53815"}],"wp:featuredmedia":[{"embeddable":true,"href":"https:\/\/haberbesiktas.tr\/index.php?rest_route=\/wp\/v2\/media\/53814"}],"wp:attachment":[{"href":"https:\/\/haberbesiktas.tr\/index.php?rest_route=%2Fwp%2Fv2%2Fmedia&parent=53813"}],"wp:term":[{"taxonomy":"category","embeddable":true,"href":"https:\/\/haberbesiktas.tr\/index.php?rest_route=%2Fwp%2Fv2%2Fcategories&post=53813"},{"taxonomy":"post_tag","embeddable":true,"href":"https:\/\/haberbesiktas.tr\/index.php?rest_route=%2Fwp%2Fv2%2Ftags&post=53813"}],"curies":[{"name":"wp","href":"https:\/\/api.w.org\/{rel}","templated":true}]}}