{"id":53816,"date":"2026-01-28T00:48:06","date_gmt":"2026-01-28T00:48:06","guid":{"rendered":"https:\/\/haberbesiktas.tr\/?p=53816"},"modified":"2026-01-28T00:48:06","modified_gmt":"2026-01-28T00:48:06","slug":"canli-okan-buruk-ve-ilkay-gundogan-konusuyor","status":"publish","type":"post","link":"https:\/\/haberbesiktas.tr\/?p=53816","title":{"rendered":"CANLI | Okan Buruk ve \u0130lkay G\u00fcndo\u011fan konu\u015fuyor"},"content":{"rendered":"<div>Galatasaray Teknik Y\u00f6neticisi Okan Buruk ile futbolcusu \u0130lkay G\u00fcndo\u011fan, UEFA \u015eampiyonlar Ligi&#8217;nin sekizinci ve son haftas\u0131nda <span>Manchester City&#8217;ye konuk olacaklar\u0131 kar\u015f\u0131la\u015fma \u00f6ncesi Etihad Stad\u0131&#8217;nda bas\u0131n toplant\u0131s\u0131nda a\u00e7\u0131klamalarda bulunuyor.<\/span><\/p>\n<p><strong><span><span>CANLI AKTARIYORUZ;<\/span><\/span><\/strong><br \/><strong><span><span>SAYFAYI YEN\u00c4\u00b0LEMEK \u00c4\u00b0\u00c3\u2021\u00c4\u00b0N TIKLAYIN!<\/span><\/span><\/strong><\/p>\n<p><strong>OKAN BURUK&#8217;UN A\u00c7IKLAMALARI;<\/p>\n<p>&#8220;\u0130K\u0130 KADRONUN DA MAKSATLARI VAR&#8221;<\/strong><\/p>\n<p><span>&#8220;\u0130ki ekibin da ama\u00e7lar\u0131 var. Biz kendi ama\u00e7lar\u0131m\u0131z\u0131 d\u00fc\u015f\u00fcnece\u011fiz. Kazan\u0131p birinci 16&#8217;ya girmek istiyoruz. \u00c7ok de\u011ferli bir ekibe kar\u015f\u0131 oynayaca\u011f\u0131z. \u00c7ok ho\u015f bir stat, \u0130lkay G\u00fcndo\u011fan da uzun y\u0131llar burada oynad\u0131. Daima kazanmaya, muvaffakiyete odakl\u0131 bir grupla \u00e7aba edece\u011fiz. Son bir ay City i\u00e7in \u00e2l\u00e2 ge\u00e7medi lakin Wolverhampton galibiyeti onlar i\u00e7in moral olacakt\u0131r.&#8221;<\/p>\n<p><strong>&#8220;KADRO OLARAK TOPARLANDIK&#8221;<\/strong><\/p>\n<p><span>&#8220;Belli b\u00f6lgelerde eksikleri oldu\u011funu d\u00fc\u015f\u00fcn\u00fcyoruz. Biz de tak\u0131m olarak toparland\u0131k. Yunus Akg\u00fcn hastal\u0131\u011f\u0131 nedeniyle egzersize \u00e7\u0131kmad\u0131. Ufak tefek a\u011fr\u0131lar\u0131 vard\u0131. Bar\u0131\u015f Alper Y\u0131lmaz&#8217;\u0131 egzersizde kulland\u0131k. Lucas Torreira sakatl\u0131k ge\u00e7irmi\u015fti, egzersizde bir k\u0131s\u0131mda yer ald\u0131. Wilfired Singo&#8217;yu tak\u0131ma ald\u0131k.&#8221;<\/span><\/span><\/p>\n<p><strong>\u0130LKAY G\u00dcNDO\u011eAN&#8217;IN A\u00c7IKALMALARI;<br \/><\/strong><br \/>&#8220;BEN\u0130M \u0130\u00c7\u0130N TUHAF B\u0130R MA\u00c7 OLACAK&#8221;<\/p>\n<p><span>&#8220;Benim i\u00e7in tuhaf bir ma\u00e7 olacak. Eski arkada\u015flar\u0131ma kar\u015f\u0131, samimi oldu\u011fum eski teknik y\u00f6neticime kar\u015f\u0131.. Bu statta oynamak \u00e7ok \u00f6zel olacak. D\u00f6rt g\u00f6zle bekliyorum. Umar\u0131m yeterli bir performans ve uygun bir skorla \u0130stanbul&#8217;a d\u00f6neriz.&#8221;<\/span><\/div>\n","protected":false},"excerpt":{"rendered":"<p>Galatasaray Teknik Y\u00f6neticisi Okan Buruk ile futbolcusu \u0130lkay G\u00fcndo\u011fan, UEFA \u015eampiyonlar Ligi&#8217;nin sekizinci ve son haftas\u0131nda Manchester City&#8217;ye konuk olacaklar\u0131 kar\u015f\u0131la\u015fma \u00f6ncesi Etihad Stad\u0131&#8217;nda bas\u0131n toplant\u0131s\u0131 d\u00fczenliyor&#8230;<\/p>\n","protected":false},"author":1,"featured_media":53817,"comment_status":"open","ping_status":"open","sticky":false,"template":"","format":"standard","meta":{"footnotes":""},"categories":[25],"tags":[],"class_list":["post-53816","post","type-post","status-publish","format-standard","has-post-thumbnail","hentry","category-futbol"],"_links":{"self":[{"href":"https:\/\/haberbesiktas.tr\/index.php?rest_route=\/wp\/v2\/posts\/53816","targetHints":{"allow":["GET"]}}],"collection":[{"href":"https:\/\/haberbesiktas.tr\/index.php?rest_route=\/wp\/v2\/posts"}],"about":[{"href":"https:\/\/haberbesiktas.tr\/index.php?rest_route=\/wp\/v2\/types\/post"}],"author":[{"embeddable":true,"href":"https:\/\/haberbesiktas.tr\/index.php?rest_route=\/wp\/v2\/users\/1"}],"replies":[{"embeddable":true,"href":"https:\/\/haberbesiktas.tr\/index.php?rest_route=%2Fwp%2Fv2%2Fcomments&post=53816"}],"version-history":[{"count":1,"href":"https:\/\/haberbesiktas.tr\/index.php?rest_route=\/wp\/v2\/posts\/53816\/revisions"}],"predecessor-version":[{"id":53818,"href":"https:\/\/haberbesiktas.tr\/index.php?rest_route=\/wp\/v2\/posts\/53816\/revisions\/53818"}],"wp:featuredmedia":[{"embeddable":true,"href":"https:\/\/haberbesiktas.tr\/index.php?rest_route=\/wp\/v2\/media\/53817"}],"wp:attachment":[{"href":"https:\/\/haberbesiktas.tr\/index.php?rest_route=%2Fwp%2Fv2%2Fmedia&parent=53816"}],"wp:term":[{"taxonomy":"category","embeddable":true,"href":"https:\/\/haberbesiktas.tr\/index.php?rest_route=%2Fwp%2Fv2%2Fcategories&post=53816"},{"taxonomy":"post_tag","embeddable":true,"href":"https:\/\/haberbesiktas.tr\/index.php?rest_route=%2Fwp%2Fv2%2Ftags&post=53816"}],"curies":[{"name":"wp","href":"https:\/\/api.w.org\/{rel}","templated":true}]}}