{"id":53837,"date":"2026-01-28T02:12:08","date_gmt":"2026-01-28T02:12:08","guid":{"rendered":"https:\/\/haberbesiktas.tr\/?p=53837"},"modified":"2026-01-28T02:12:08","modified_gmt":"2026-01-28T02:12:08","slug":"kayserispordan-sag-kanat-takviyesi-makarov","status":"publish","type":"post","link":"https:\/\/haberbesiktas.tr\/?p=53837","title":{"rendered":"Kayserispor&#8217;dan sa\u011f kanat takviyesi: Makarov"},"content":{"rendered":"<div>Trendyol S\u00fcper Lig gruplar\u0131ndan Zecorner Kayserispor, Dinamo Moskova&#8217;da forma giyen sa\u011f kanat oyuncusu Denis Makarov&#8217;u renklerine ba\u011flad\u0131.<\/p>\n<p> Sar\u0131-k\u0131rm\u0131z\u0131l\u0131 kul\u00fcb\u00fcn toplumsal medya hesab\u0131ndan yap\u0131lan a\u00e7\u0131klamada, 27 ya\u015f\u0131ndaki futbolcuyla d\u00f6nem sonuna kadar mukavele imzaland\u0131\u011f\u0131 bildirildi.<\/p>\n<p> A\u00e7\u0131klamada, Kayseri&#8217;ye gelen Makarov&#8217;un s\u0131hhat denetiminden ge\u00e7ti\u011fi bilgisine de yer verildi.<\/p>\n<\/div>\n","protected":false},"excerpt":{"rendered":"<p>S\u00fcper Lig gruplar\u0131ndan Zecorner Kayserispor, Denis Makarov ile d\u00f6nem sonuna kadar kontrat imzaland\u0131\u011f\u0131n\u0131 duyurdu.<\/p>\n","protected":false},"author":1,"featured_media":53838,"comment_status":"open","ping_status":"open","sticky":false,"template":"","format":"standard","meta":{"footnotes":""},"categories":[25],"tags":[],"class_list":["post-53837","post","type-post","status-publish","format-standard","has-post-thumbnail","hentry","category-futbol"],"_links":{"self":[{"href":"https:\/\/haberbesiktas.tr\/index.php?rest_route=\/wp\/v2\/posts\/53837","targetHints":{"allow":["GET"]}}],"collection":[{"href":"https:\/\/haberbesiktas.tr\/index.php?rest_route=\/wp\/v2\/posts"}],"about":[{"href":"https:\/\/haberbesiktas.tr\/index.php?rest_route=\/wp\/v2\/types\/post"}],"author":[{"embeddable":true,"href":"https:\/\/haberbesiktas.tr\/index.php?rest_route=\/wp\/v2\/users\/1"}],"replies":[{"embeddable":true,"href":"https:\/\/haberbesiktas.tr\/index.php?rest_route=%2Fwp%2Fv2%2Fcomments&post=53837"}],"version-history":[{"count":1,"href":"https:\/\/haberbesiktas.tr\/index.php?rest_route=\/wp\/v2\/posts\/53837\/revisions"}],"predecessor-version":[{"id":53839,"href":"https:\/\/haberbesiktas.tr\/index.php?rest_route=\/wp\/v2\/posts\/53837\/revisions\/53839"}],"wp:featuredmedia":[{"embeddable":true,"href":"https:\/\/haberbesiktas.tr\/index.php?rest_route=\/wp\/v2\/media\/53838"}],"wp:attachment":[{"href":"https:\/\/haberbesiktas.tr\/index.php?rest_route=%2Fwp%2Fv2%2Fmedia&parent=53837"}],"wp:term":[{"taxonomy":"category","embeddable":true,"href":"https:\/\/haberbesiktas.tr\/index.php?rest_route=%2Fwp%2Fv2%2Fcategories&post=53837"},{"taxonomy":"post_tag","embeddable":true,"href":"https:\/\/haberbesiktas.tr\/index.php?rest_route=%2Fwp%2Fv2%2Ftags&post=53837"}],"curies":[{"name":"wp","href":"https:\/\/api.w.org\/{rel}","templated":true}]}}