{"id":53840,"date":"2026-01-28T02:24:05","date_gmt":"2026-01-28T02:24:05","guid":{"rendered":"https:\/\/haberbesiktas.tr\/?p=53840"},"modified":"2026-01-28T02:24:05","modified_gmt":"2026-01-28T02:24:05","slug":"romanyada-feci-kaza-7-taraftar-hayatini-kaybetti","status":"publish","type":"post","link":"https:\/\/haberbesiktas.tr\/?p=53840","title":{"rendered":"Romanya&#8217;da feci kaza: 7 taraftar hayat\u0131n\u0131 kaybetti"},"content":{"rendered":"<div>Yunanistan Muhte\u015fem Ligi&#8217;ndeki PAOK kadrosu taraftarlar\u0131n\u0131 Fransa&#8217;ya g\u00f6t\u00fcren arac\u0131n t\u0131rla \u00e7arp\u0131\u015fmas\u0131 sonucu 7 ki\u015finin hayat\u0131n\u0131 kaybetti\u011fi bildirildi.<\/p>\n<p> Yunan Devlet Televizyonu ERT&#8217;nin haberine nazaran, per\u015fembe ak\u015fam\u0131 Fransa&#8217;n\u0131n Lyon kentinde oynanacak UEFA Avrupa Ligi Olimpik Lyon-PAOK m\u00fcsabakas\u0131nda ekiplerini desteklemek \u00fczere Fransa&#8217;ya gidenleri ta\u015f\u0131yan ara\u00e7, Romanya&#8217;da kaza yapt\u0131.<\/p>\n<p> PAOK taraftarlar\u0131n\u0131 ta\u015f\u0131yan minib\u00fcs, Lugojelul kenti yak\u0131nlar\u0131nda DN6-E70 otoyolunda sollama esnas\u0131nda kar\u015f\u0131 istikametten gelen t\u0131rla \u00e7arp\u0131\u015ft\u0131. <\/p>\n<p> Ara\u00e7taki 10 \u015fah\u0131stan 7&#8217;si \u00f6mr\u00fcn\u00fc yitirdi, yaralanan 3 ki\u015fi b\u00f6lgedeki hastanelerde tedavi alt\u0131na al\u0131nd\u0131.<\/p>\n<p> Yunanistan Ba\u015fbakan\u0131 Kiryakos Mi\u00e7otakis yapt\u0131\u011f\u0131 a\u00e7\u0131klamada kazadan duydu\u011fu \u00fcz\u00fcnt\u00fcy\u00fc lisana getirerek, Yunan h\u00fck\u00fcmeti ve itfaiye te\u015fkilat\u0131n\u0131n Romanya lokal makamlar\u0131 ile i\u015fbirli\u011fi i\u00e7inde oldu\u011funu belirtti.<\/p>\n<p> Mi\u00e7otakis, \u00f6lenlerin yak\u0131nlar\u0131na ve PAOK ailesine ba\u015f s\u0131hhati diledi.<\/p>\n<\/div>\n","protected":false},"excerpt":{"rendered":"<p>PAOK taraftarlar\u0131n\u0131 Fransa&#8217;ya g\u00f6t\u00fcren minib\u00fcs\u00fcn Romanya&#8217;da t\u0131rla \u00e7arp\u0131\u015fmas\u0131 sonucu 7 ki\u015fi hayat\u0131n\u0131 kaybederken, 3 ki\u015fi yaraland\u0131.<\/p>\n","protected":false},"author":1,"featured_media":53841,"comment_status":"open","ping_status":"open","sticky":false,"template":"","format":"standard","meta":{"footnotes":""},"categories":[25],"tags":[],"class_list":["post-53840","post","type-post","status-publish","format-standard","has-post-thumbnail","hentry","category-futbol"],"_links":{"self":[{"href":"https:\/\/haberbesiktas.tr\/index.php?rest_route=\/wp\/v2\/posts\/53840","targetHints":{"allow":["GET"]}}],"collection":[{"href":"https:\/\/haberbesiktas.tr\/index.php?rest_route=\/wp\/v2\/posts"}],"about":[{"href":"https:\/\/haberbesiktas.tr\/index.php?rest_route=\/wp\/v2\/types\/post"}],"author":[{"embeddable":true,"href":"https:\/\/haberbesiktas.tr\/index.php?rest_route=\/wp\/v2\/users\/1"}],"replies":[{"embeddable":true,"href":"https:\/\/haberbesiktas.tr\/index.php?rest_route=%2Fwp%2Fv2%2Fcomments&post=53840"}],"version-history":[{"count":1,"href":"https:\/\/haberbesiktas.tr\/index.php?rest_route=\/wp\/v2\/posts\/53840\/revisions"}],"predecessor-version":[{"id":53842,"href":"https:\/\/haberbesiktas.tr\/index.php?rest_route=\/wp\/v2\/posts\/53840\/revisions\/53842"}],"wp:featuredmedia":[{"embeddable":true,"href":"https:\/\/haberbesiktas.tr\/index.php?rest_route=\/wp\/v2\/media\/53841"}],"wp:attachment":[{"href":"https:\/\/haberbesiktas.tr\/index.php?rest_route=%2Fwp%2Fv2%2Fmedia&parent=53840"}],"wp:term":[{"taxonomy":"category","embeddable":true,"href":"https:\/\/haberbesiktas.tr\/index.php?rest_route=%2Fwp%2Fv2%2Fcategories&post=53840"},{"taxonomy":"post_tag","embeddable":true,"href":"https:\/\/haberbesiktas.tr\/index.php?rest_route=%2Fwp%2Fv2%2Ftags&post=53840"}],"curies":[{"name":"wp","href":"https:\/\/api.w.org\/{rel}","templated":true}]}}