{"id":53910,"date":"2026-01-28T10:00:11","date_gmt":"2026-01-28T10:00:11","guid":{"rendered":"https:\/\/haberbesiktas.tr\/?p=53910"},"modified":"2026-01-28T10:00:11","modified_gmt":"2026-01-28T10:00:11","slug":"clippers-lawrence-frank-ile-yola-devam-ediyor","status":"publish","type":"post","link":"https:\/\/haberbesiktas.tr\/?p=53910","title":{"rendered":"Clippers, Lawrence Frank ile yola devam ediyor"},"content":{"rendered":"<div>Los Angeles Clippers, basketbol operasyonlar\u0131 ba\u015fkan\u0131 Lawrence Frank ile d\u00f6rt y\u0131ll\u0131k yeni bir kontrat uzatma konusunda muahedeye vard\u0131.<\/p>\n<p> The Athletic&#8217;ten Joe Vardon ve Sam Amick&#8217;in aktard\u0131\u011f\u0131na nazaran, kul\u00fcp ayr\u0131yeten \u00f6n ofisteki ba\u015fka k\u0131ymetli isimlerle de mukavele uzatmay\u0131 planl\u0131yor.<\/p>\n<p> Lawrence Frank, 2014 y\u0131l\u0131nda kolej ve NBA&#8217;deki antren\u00f6rl\u00fck vazifelerinin akabinde Clippers tertibine kat\u0131ld\u0131. Doc Rivers&#8217;\u0131n tak\u0131m\u0131nda iki d\u00f6nem yard\u0131mc\u0131 antren\u00f6rl\u00fck yapt\u0131ktan sonra, basketbol operasyonlar\u0131ndan sorumlu lider yard\u0131mc\u0131l\u0131\u011f\u0131 vazifesine y\u00fckseldi. <\/p>\n<p> Frank, A\u011fustos 2017&#8217;de mevcut misyonuna getirilirken, kul\u00fcp sahibi Steve Ballmer, Doc Rivers&#8217;\u0131n s\u0131rf ko\u00e7lu\u011fa odaklanmas\u0131n\u0131 istemi\u015fti.<\/p>\n<p> Clippers, Frank&#8217;in liderli\u011fi alt\u0131nda kul\u00fcp tarihinin en ba\u015far\u0131l\u0131 devrini ya\u015fad\u0131. Los Angeles tak\u0131m\u0131, son sekiz d\u00f6nemin alt\u0131s\u0131nda play-off oynad\u0131 ve 2021 y\u0131l\u0131nda kul\u00fcp tarihinde birinci sefer Bat\u0131 Konferans\u0131 Finalleri&#8217;ne y\u00fckseldi.<\/p>\n<p> Frank, 2020 y\u0131l\u0131nda Kawhi Leonard&#8217;\u0131n transferi ve Paul George takas\u0131yla dikkat \u00e7eken b\u00fcy\u00fck bir yaz periyodunun akabinde NBA Y\u0131l\u0131n Y\u00f6neticisi m\u00fckafat\u0131na lay\u0131k g\u00f6r\u00fcld\u00fc.<\/p>\n<p> Bu d\u00f6nem yava\u015f bir ba\u015flang\u0131\u00e7 yapan Clippers, son devirde \u00f6nemli bir \u00e7\u0131k\u0131\u015f yakalad\u0131. Los Angeles temsilcisi, son 18 ma\u00e7\u0131n\u0131n 15&#8217;ini kazanarak Bat\u0131 Konferans\u0131&#8217;nda 10. s\u0131raya kadar y\u00fckseldi.<\/p>\n<\/div>\n","protected":false},"excerpt":{"rendered":"<p>Los Angeles Clippers, basketbol operasyonlar\u0131 ba\u015fkan\u0131 Lawrence Frank ile d\u00f6rt y\u0131ll\u0131k yeni bir mukavele uzatma konusunda muahedeye vard\u0131.<\/p>\n","protected":false},"author":1,"featured_media":53911,"comment_status":"open","ping_status":"open","sticky":false,"template":"","format":"standard","meta":{"footnotes":""},"categories":[10],"tags":[1811],"class_list":["post-53910","post","type-post","status-publish","format-standard","has-post-thumbnail","hentry","category-basketbol","tag-frank"],"_links":{"self":[{"href":"https:\/\/haberbesiktas.tr\/index.php?rest_route=\/wp\/v2\/posts\/53910","targetHints":{"allow":["GET"]}}],"collection":[{"href":"https:\/\/haberbesiktas.tr\/index.php?rest_route=\/wp\/v2\/posts"}],"about":[{"href":"https:\/\/haberbesiktas.tr\/index.php?rest_route=\/wp\/v2\/types\/post"}],"author":[{"embeddable":true,"href":"https:\/\/haberbesiktas.tr\/index.php?rest_route=\/wp\/v2\/users\/1"}],"replies":[{"embeddable":true,"href":"https:\/\/haberbesiktas.tr\/index.php?rest_route=%2Fwp%2Fv2%2Fcomments&post=53910"}],"version-history":[{"count":1,"href":"https:\/\/haberbesiktas.tr\/index.php?rest_route=\/wp\/v2\/posts\/53910\/revisions"}],"predecessor-version":[{"id":53912,"href":"https:\/\/haberbesiktas.tr\/index.php?rest_route=\/wp\/v2\/posts\/53910\/revisions\/53912"}],"wp:featuredmedia":[{"embeddable":true,"href":"https:\/\/haberbesiktas.tr\/index.php?rest_route=\/wp\/v2\/media\/53911"}],"wp:attachment":[{"href":"https:\/\/haberbesiktas.tr\/index.php?rest_route=%2Fwp%2Fv2%2Fmedia&parent=53910"}],"wp:term":[{"taxonomy":"category","embeddable":true,"href":"https:\/\/haberbesiktas.tr\/index.php?rest_route=%2Fwp%2Fv2%2Fcategories&post=53910"},{"taxonomy":"post_tag","embeddable":true,"href":"https:\/\/haberbesiktas.tr\/index.php?rest_route=%2Fwp%2Fv2%2Ftags&post=53910"}],"curies":[{"name":"wp","href":"https:\/\/api.w.org\/{rel}","templated":true}]}}