{"id":53933,"date":"2026-01-28T11:48:05","date_gmt":"2026-01-28T11:48:05","guid":{"rendered":"https:\/\/haberbesiktas.tr\/?p=53933"},"modified":"2026-01-28T11:48:05","modified_gmt":"2026-01-28T11:48:05","slug":"somaspordan-iki-takviye","status":"publish","type":"post","link":"https:\/\/haberbesiktas.tr\/?p=53933","title":{"rendered":"Somaspor&#8217;dan iki takviye"},"content":{"rendered":"<div>\u0130kinci Lig K\u0131rm\u0131z\u0131 K\u00fcme&#8217;de k\u00fcmede kalma \u00e7abas\u0131 veren Somaspor, orta periyotta iki transfere imza att\u0131rd\u0131. Siyah-beyazl\u0131lar, forvet oyuncusu Sinan Alka\u015f ve orta saha oyuncusu Mehmet G\u00fcnd\u00fcz ile muahedeye vard\u0131.<\/p>\n<p> Kul\u00fcpten yap\u0131lan resmi a\u00e7\u0131klamada, &#8220;Kul\u00fcb\u00fcm\u00fcz, forvet oyuncusu Sinan Alka\u015f ile anla\u015fmaya varm\u0131\u015ft\u0131r. Y\u00f6netim Kurulu Liderimiz Mustafa Ayd\u0131n&#8217;\u0131n kat\u0131ld\u0131\u011f\u0131 imza merasiminde Sinan Alka\u015f ile kiral\u0131k mukavele imzalanm\u0131\u015ft\u0131r. Kul\u00fcb\u00fcm\u00fcz, orta saha oyuncusu Mehmet G\u00fcnd\u00fcz ile anla\u015fmaya varm\u0131\u015ft\u0131r. Y\u00f6netim Kurulu Liderimiz Mustafa Ayd\u0131n&#8217;\u0131n kat\u0131ld\u0131\u011f\u0131 imza merasiminde Mehmet G\u00fcnd\u00fcz ile kontrat imzalanm\u0131\u015ft\u0131r. Kul\u00fcb\u00fcm\u00fcze k\u0131ymetli hizmetlerde bulunaca\u011f\u0131na inand\u0131\u011f\u0131m\u0131z iki oyuncumuza ulu formam\u0131z ile \u00fcst\u00fcn muvaffakiyetler dileriz&#8221; tabirleri kullan\u0131ld\u0131.<\/p>\n<\/div>\n","protected":false},"excerpt":{"rendered":"<p>Somaspor, orta periyotta Sinan Alka\u015f ve Mehmet G\u00fcnd\u00fcz&#8217;e imza att\u0131rd\u0131.<\/p>\n","protected":false},"author":1,"featured_media":53934,"comment_status":"open","ping_status":"open","sticky":false,"template":"","format":"standard","meta":{"footnotes":""},"categories":[25],"tags":[1823],"class_list":["post-53933","post","type-post","status-publish","format-standard","has-post-thumbnail","hentry","category-futbol","tag-imza"],"_links":{"self":[{"href":"https:\/\/haberbesiktas.tr\/index.php?rest_route=\/wp\/v2\/posts\/53933","targetHints":{"allow":["GET"]}}],"collection":[{"href":"https:\/\/haberbesiktas.tr\/index.php?rest_route=\/wp\/v2\/posts"}],"about":[{"href":"https:\/\/haberbesiktas.tr\/index.php?rest_route=\/wp\/v2\/types\/post"}],"author":[{"embeddable":true,"href":"https:\/\/haberbesiktas.tr\/index.php?rest_route=\/wp\/v2\/users\/1"}],"replies":[{"embeddable":true,"href":"https:\/\/haberbesiktas.tr\/index.php?rest_route=%2Fwp%2Fv2%2Fcomments&post=53933"}],"version-history":[{"count":1,"href":"https:\/\/haberbesiktas.tr\/index.php?rest_route=\/wp\/v2\/posts\/53933\/revisions"}],"predecessor-version":[{"id":53935,"href":"https:\/\/haberbesiktas.tr\/index.php?rest_route=\/wp\/v2\/posts\/53933\/revisions\/53935"}],"wp:featuredmedia":[{"embeddable":true,"href":"https:\/\/haberbesiktas.tr\/index.php?rest_route=\/wp\/v2\/media\/53934"}],"wp:attachment":[{"href":"https:\/\/haberbesiktas.tr\/index.php?rest_route=%2Fwp%2Fv2%2Fmedia&parent=53933"}],"wp:term":[{"taxonomy":"category","embeddable":true,"href":"https:\/\/haberbesiktas.tr\/index.php?rest_route=%2Fwp%2Fv2%2Fcategories&post=53933"},{"taxonomy":"post_tag","embeddable":true,"href":"https:\/\/haberbesiktas.tr\/index.php?rest_route=%2Fwp%2Fv2%2Ftags&post=53933"}],"curies":[{"name":"wp","href":"https:\/\/api.w.org\/{rel}","templated":true}]}}