{"id":53936,"date":"2026-01-28T12:00:07","date_gmt":"2026-01-28T12:00:07","guid":{"rendered":"https:\/\/haberbesiktas.tr\/?p=53936"},"modified":"2026-01-28T12:00:07","modified_gmt":"2026-01-28T12:00:07","slug":"goztepeli-arda-ve-tahanin-hayali-milli-forma","status":"publish","type":"post","link":"https:\/\/haberbesiktas.tr\/?p=53936","title":{"rendered":"G\u00f6ztepeli Arda ve Taha&#8217;n\u0131n hayali milli forma"},"content":{"rendered":"<div>Trendyol S\u00fcper Lig&#8217;de deplasmanda Fenerbah\u00e7e beraberli\u011finin akabinde cumartesi g\u00fcn\u00fc meskeninde oynayaca\u011f\u0131 Fatih Karag\u00fcmr\u00fck ma\u00e7\u0131na mutlak galibiyet parolas\u0131yla haz\u0131rlanan G\u00f6ztepe&#8217;de sa\u011f kanat Arda Okan Kurtulan ve stoper Taha Alt\u0131karde\u015f A Ulusal Grup hayalini kuruyor.<\/p>\n<p> G\u00f6ztepe&#8217;de sergiledikleri performansla hem gruba b\u00fcy\u00fck katk\u0131 koyan hem de transferin be\u011fenilen isimleri olmay\u0131 ba\u015faran iki futbolcu ay-y\u0131ld\u0131zl\u0131 ekibimizden davet beklemeye ba\u015flad\u0131. Arda Okan&#8217;\u0131n A Ulusal Ekip&#8217;te misyon alabilmek ismine Arnavutluk ve Kuzey Makedonya&#8217;dan gelen teklifleri reddetti\u011fi s\u00f6z edildi.<\/p>\n<p> Bu yaz d\u00fczenlenecek 2026 D\u00fcnya Kupas\u0131&#8217;na kat\u0131lmay\u0131 hedefleyen Ay-y\u0131ld\u0131zl\u0131lar, 2026 FIFA D\u00fcnya Kupas\u0131 Elemeleri Play-Off \u00e7e\u015fidi yar\u0131 finalinde 26 Mart 2026 Per\u015fembe g\u00fcn\u00fc Romanya ile kendi alan\u0131nda kar\u015f\u0131la\u015facak. <\/p>\n<p> T\u00fcrkiye; Romanya&#8217;y\u0131 eledi\u011fi takdirde, finalde Slovakya-Kosova kar\u015f\u0131la\u015fmas\u0131n\u0131n galibiyle 31 Mart 2026 tarihinde deplasmanda kar\u015f\u0131la\u015facak.<\/p>\n<p> G\u00f6ztepe&#8217;de 3&#8217;\u00fcnc\u00fc d\u00f6nemini ge\u00e7iren 22 ya\u015f\u0131ndaki Taha, T\u00fcrkiye U19 ve U21 ekiplerinde forma giydi. Yaz periyodunda Adana Demirspor&#8217;dan gelen 23 ya\u015f\u0131ndaki Arda ise daha evvel Arnavutluk U21 ekibinde misyon ald\u0131.<\/p>\n<\/div>\n","protected":false},"excerpt":{"rendered":"<p>G\u00f6ztepe&#8217;de sa\u011f kanat Arda Okan Kurtulan ve stoper Taha Alt\u0131karde\u015f A Ulusal Grup hayalini kuruyor.<\/p>\n","protected":false},"author":1,"featured_media":53937,"comment_status":"open","ping_status":"open","sticky":false,"template":"","format":"standard","meta":{"footnotes":""},"categories":[25],"tags":[52],"class_list":["post-53936","post","type-post","status-publish","format-standard","has-post-thumbnail","hentry","category-futbol","tag-takim"],"_links":{"self":[{"href":"https:\/\/haberbesiktas.tr\/index.php?rest_route=\/wp\/v2\/posts\/53936","targetHints":{"allow":["GET"]}}],"collection":[{"href":"https:\/\/haberbesiktas.tr\/index.php?rest_route=\/wp\/v2\/posts"}],"about":[{"href":"https:\/\/haberbesiktas.tr\/index.php?rest_route=\/wp\/v2\/types\/post"}],"author":[{"embeddable":true,"href":"https:\/\/haberbesiktas.tr\/index.php?rest_route=\/wp\/v2\/users\/1"}],"replies":[{"embeddable":true,"href":"https:\/\/haberbesiktas.tr\/index.php?rest_route=%2Fwp%2Fv2%2Fcomments&post=53936"}],"version-history":[{"count":1,"href":"https:\/\/haberbesiktas.tr\/index.php?rest_route=\/wp\/v2\/posts\/53936\/revisions"}],"predecessor-version":[{"id":53938,"href":"https:\/\/haberbesiktas.tr\/index.php?rest_route=\/wp\/v2\/posts\/53936\/revisions\/53938"}],"wp:featuredmedia":[{"embeddable":true,"href":"https:\/\/haberbesiktas.tr\/index.php?rest_route=\/wp\/v2\/media\/53937"}],"wp:attachment":[{"href":"https:\/\/haberbesiktas.tr\/index.php?rest_route=%2Fwp%2Fv2%2Fmedia&parent=53936"}],"wp:term":[{"taxonomy":"category","embeddable":true,"href":"https:\/\/haberbesiktas.tr\/index.php?rest_route=%2Fwp%2Fv2%2Fcategories&post=53936"},{"taxonomy":"post_tag","embeddable":true,"href":"https:\/\/haberbesiktas.tr\/index.php?rest_route=%2Fwp%2Fv2%2Ftags&post=53936"}],"curies":[{"name":"wp","href":"https:\/\/api.w.org\/{rel}","templated":true}]}}