{"id":53942,"date":"2026-01-28T12:24:15","date_gmt":"2026-01-28T12:24:15","guid":{"rendered":"https:\/\/haberbesiktas.tr\/?p=53942"},"modified":"2026-01-28T12:24:15","modified_gmt":"2026-01-28T12:24:15","slug":"lider-fenerbahce-medicana-benfica-deplasmaninda","status":"publish","type":"post","link":"https:\/\/haberbesiktas.tr\/?p=53942","title":{"rendered":"Lider Fenerbah\u00e7e Medicana, Benfica deplasman\u0131nda"},"content":{"rendered":"<p>Fenerbah\u00e7e Medicana Bayan Voleybol Grubu, \u2060CEV Zeren Group \u015eampiyonlar Ligi B K\u00fcmesi&#8217;nin 5. haftas\u0131nda 29 Ocak Per\u015fembe g\u00fcn\u00fc Portekiz&#8217;in Benfica tak\u0131m\u0131yla deplasmanda kar\u015f\u0131 kar\u015f\u0131ya gelecek.<\/p>\n<p> Benfica Spor Salonu&#8217;nda oynanacak \u00e7aba TS\u0130 23.00&#8217;te ba\u015flayacak.<\/p>\n<p> Kar\u015f\u0131la\u015fmay\u0131 Christophe Lecourt (Fransa) ve Marco Van Zanten (Hollanda) hakem ikilisi y\u00f6netecek.<\/p>\n<p> K\u00fcmesinde oynad\u0131\u011f\u0131 4 ma\u00e7\u0131n tamam\u0131n\u0131 kazanan sar\u0131-lacivertliler, liderlik koltu\u011funda yer al\u0131yor. Geride kalan haftalarda 1 galibiyet ve 3 hezimet ya\u015fayan Benfica ise 4. ve son s\u0131rada bulunuyor.<\/p>\n<p> Fenerbah\u00e7e Medicana, k\u00fcmesinde Benfica ile kar\u015f\u0131la\u015ft\u0131\u011f\u0131 birinci ma\u00e7tan 3-0 galip ayr\u0131ld\u0131.<\/p>\n","protected":false},"excerpt":{"rendered":"<p>Fenerbah\u00e7e Medicana Bayan Voleybol Kadrosu, \u2060CEV Zeren Group \u015eampiyonlar Ligi B K\u00fcmesi&#8217;nin 5. haftas\u0131nda 29 Ocak Per\u015fembe g\u00fcn\u00fc Portekiz&#8217;in Benfica grubuna konuk olacak.<\/p>\n","protected":false},"author":1,"featured_media":53943,"comment_status":"open","ping_status":"open","sticky":false,"template":"","format":"standard","meta":{"footnotes":""},"categories":[39],"tags":[],"class_list":["post-53942","post","type-post","status-publish","format-standard","has-post-thumbnail","hentry","category-voleybol"],"_links":{"self":[{"href":"https:\/\/haberbesiktas.tr\/index.php?rest_route=\/wp\/v2\/posts\/53942","targetHints":{"allow":["GET"]}}],"collection":[{"href":"https:\/\/haberbesiktas.tr\/index.php?rest_route=\/wp\/v2\/posts"}],"about":[{"href":"https:\/\/haberbesiktas.tr\/index.php?rest_route=\/wp\/v2\/types\/post"}],"author":[{"embeddable":true,"href":"https:\/\/haberbesiktas.tr\/index.php?rest_route=\/wp\/v2\/users\/1"}],"replies":[{"embeddable":true,"href":"https:\/\/haberbesiktas.tr\/index.php?rest_route=%2Fwp%2Fv2%2Fcomments&post=53942"}],"version-history":[{"count":1,"href":"https:\/\/haberbesiktas.tr\/index.php?rest_route=\/wp\/v2\/posts\/53942\/revisions"}],"predecessor-version":[{"id":53944,"href":"https:\/\/haberbesiktas.tr\/index.php?rest_route=\/wp\/v2\/posts\/53942\/revisions\/53944"}],"wp:featuredmedia":[{"embeddable":true,"href":"https:\/\/haberbesiktas.tr\/index.php?rest_route=\/wp\/v2\/media\/53943"}],"wp:attachment":[{"href":"https:\/\/haberbesiktas.tr\/index.php?rest_route=%2Fwp%2Fv2%2Fmedia&parent=53942"}],"wp:term":[{"taxonomy":"category","embeddable":true,"href":"https:\/\/haberbesiktas.tr\/index.php?rest_route=%2Fwp%2Fv2%2Fcategories&post=53942"},{"taxonomy":"post_tag","embeddable":true,"href":"https:\/\/haberbesiktas.tr\/index.php?rest_route=%2Fwp%2Fv2%2Ftags&post=53942"}],"curies":[{"name":"wp","href":"https:\/\/api.w.org\/{rel}","templated":true}]}}