{"id":53945,"date":"2026-01-28T12:36:06","date_gmt":"2026-01-28T12:36:06","guid":{"rendered":"https:\/\/haberbesiktas.tr\/?p=53945"},"modified":"2026-01-28T12:36:06","modified_gmt":"2026-01-28T12:36:06","slug":"trabzonspora-surpriz-oneri-yusuf-sari","status":"publish","type":"post","link":"https:\/\/haberbesiktas.tr\/?p=53945","title":{"rendered":"Trabzonspor&#8217;a s\u00fcrpriz \u00f6neri: Yusuf Sar\u0131"},"content":{"rendered":"<div>Trabzonspor&#8217;da yerli deste\u011fi de g\u00fcndemde. Listeye al\u0131nan son isim yabanc\u0131 de\u011fil: Yusuf Sar\u0131. <\/p>\n<p>2019-22 y\u0131llar\u0131 ortas\u0131nda bordo mavili formay\u0131 giyen 27 ya\u015f\u0131ndaki sa\u011f kanat, menajerler taraf\u0131ndan Karadeniz devine \u00f6nerildi. Ba\u015fak\u015fehir&#8217;de son ma\u00e7\u0131n\u0131 7 Aral\u0131k 2025&#8217;te Gen\u00e7lerbirli\u011fi&#8217;ne kar\u015f\u0131 oynayan Sar\u0131, o tarihten bu yana sakatl\u0131\u011f\u0131 nedeniyle forma giyemiyor. Trabzonsporlu kurmaylar\u0131n Sar\u0131 i\u00e7in tam te\u015fekk\u00fcll\u00fc bir s\u0131hhat raporu istedikleri, gelecek bilgiler \u0131\u015f\u0131\u011f\u0131nda bu transfere istikamet verecekleri kaydedildi.<\/p>\n<p>1.68 uzunlu\u011fundaki futbolcu bu d\u00f6nem Ba\u015fak\u015fehir&#8217;de 14 ma\u00e7ta forma giydi 3 asist yapt\u0131. Sol kanat ve forvette de oynayabilen Yusuf&#8217;un kul\u00fcb\u00fc ile 2028 y\u0131l\u0131na kadar kontrat\u0131 var. Bedeli 3.5 milyon euro ve Trabzonspor formas\u0131yla \u00e7\u0131kt\u0131\u011f\u0131 69 ma\u00e7ta 5 gol atm\u0131\u015f ve 6 da asist yapm\u0131\u015ft\u0131.\u00a0<\/p>\n<\/div>\n","protected":false},"excerpt":{"rendered":"<p>Trabzonspor&#8217;da bir devir forma giyen Yusuf Sar\u0131, bordo-mavili toplulu\u011fa \u00f6nerildi. Sar\u0131, yerli deste\u011fi do\u011frultusunda eski grubunda yine top ko\u015fturabilir.<\/p>\n","protected":false},"author":1,"featured_media":53946,"comment_status":"open","ping_status":"open","sticky":false,"template":"","format":"standard","meta":{"footnotes":""},"categories":[25],"tags":[],"class_list":["post-53945","post","type-post","status-publish","format-standard","has-post-thumbnail","hentry","category-futbol"],"_links":{"self":[{"href":"https:\/\/haberbesiktas.tr\/index.php?rest_route=\/wp\/v2\/posts\/53945","targetHints":{"allow":["GET"]}}],"collection":[{"href":"https:\/\/haberbesiktas.tr\/index.php?rest_route=\/wp\/v2\/posts"}],"about":[{"href":"https:\/\/haberbesiktas.tr\/index.php?rest_route=\/wp\/v2\/types\/post"}],"author":[{"embeddable":true,"href":"https:\/\/haberbesiktas.tr\/index.php?rest_route=\/wp\/v2\/users\/1"}],"replies":[{"embeddable":true,"href":"https:\/\/haberbesiktas.tr\/index.php?rest_route=%2Fwp%2Fv2%2Fcomments&post=53945"}],"version-history":[{"count":1,"href":"https:\/\/haberbesiktas.tr\/index.php?rest_route=\/wp\/v2\/posts\/53945\/revisions"}],"predecessor-version":[{"id":53947,"href":"https:\/\/haberbesiktas.tr\/index.php?rest_route=\/wp\/v2\/posts\/53945\/revisions\/53947"}],"wp:featuredmedia":[{"embeddable":true,"href":"https:\/\/haberbesiktas.tr\/index.php?rest_route=\/wp\/v2\/media\/53946"}],"wp:attachment":[{"href":"https:\/\/haberbesiktas.tr\/index.php?rest_route=%2Fwp%2Fv2%2Fmedia&parent=53945"}],"wp:term":[{"taxonomy":"category","embeddable":true,"href":"https:\/\/haberbesiktas.tr\/index.php?rest_route=%2Fwp%2Fv2%2Fcategories&post=53945"},{"taxonomy":"post_tag","embeddable":true,"href":"https:\/\/haberbesiktas.tr\/index.php?rest_route=%2Fwp%2Fv2%2Ftags&post=53945"}],"curies":[{"name":"wp","href":"https:\/\/api.w.org\/{rel}","templated":true}]}}