{"id":53954,"date":"2026-01-28T13:12:05","date_gmt":"2026-01-28T13:12:05","guid":{"rendered":"https:\/\/haberbesiktas.tr\/?p=53954"},"modified":"2026-01-28T13:12:05","modified_gmt":"2026-01-28T13:12:05","slug":"dominik-livakovic-eski-takimina-geri-donuyor","status":"publish","type":"post","link":"https:\/\/haberbesiktas.tr\/?p=53954","title":{"rendered":"Dominik Livakovic, eski tak\u0131m\u0131na geri d\u00f6n\u00fcyor"},"content":{"rendered":"<div>Fenerbah\u00e7e&#8217;de d\u00f6nem ba\u015f\u0131nda Girona&#8217;ya kiral\u0131k olarak g\u00f6nderilen lakin hi\u00e7 forma talihi bulamayan H\u0131rvat eldiven Dominik Livakovic&#8217;in gelece\u011fi a\u015fik\u00e2r oldu.<\/p>\n<p> Marc Andre Ter Stegen transferinin akabinde Alman eldivene yer a\u00e7mak isteyen \u0130spanyol grubu Livakovic&#8217;in mukavelesini feshetme karar\u0131 ald\u0131.<\/p>\n<p> Dominik Livakovic de Girona&#8217;daki kiral\u0131k kontrat\u0131n\u0131n fesih edilmesinin ard\u0131ndan eski kul\u00fcb\u00fc Dinamo Zagreb&#8217;e geri d\u00f6necek. <\/p>\n<p> Vecernji List&#8217;in haberine nazaran, Fenerbah\u00e7e ile kiral\u0131k transferi konusunda muahede sa\u011flayan H\u0131rvat tak\u0131m\u0131 200 bin Euro kiralama bedeli \u00f6deyecek.<\/p>\n<p> Mutabakatta bir sat\u0131n alma opsiyonu bulunmad\u0131\u011f\u0131 da aktar\u0131ld\u0131.<\/p>\n<p> Haberde ayr\u0131yeten Dinamo Zagreb&#8217;in Livakovic&#8217;i bonservisiyle tak\u0131m\u0131na katmak istedi\u011fi fakat sar\u0131-lacivertli tak\u0131m\u0131n y\u00fcksek bonservis bedeli talebi sebebiyle bunun ger\u00e7ekle\u015fmedi\u011fi belirtildi.<\/p>\n<p> 31 ya\u015f\u0131ndaki H\u0131rvat eldiven 2023 yaz\u0131nda 6 milyon 650 bin Euro bedelle Dinamo Zagreb&#8217;ten tak\u0131ma kat\u0131lm\u0131\u015ft\u0131.<\/p>\n<p> 4 milyon Euro piyasa pahas\u0131 bulunan Livakovic&#8217;in Fenerbah\u00e7e&#8217;deki mukavelesi 2028 y\u0131l\u0131nda sona eriyor.\u00a0<\/p>\n<\/div>\n","protected":false},"excerpt":{"rendered":"<p>Fenerbah\u00e7e&#8217;nin d\u00f6nem ba\u015f\u0131nda \u0130spanya La Liga tak\u0131m\u0131 Girona&#8217;ya kiral\u0131k g\u00f6nderdi\u011fi Dominik Livakovic konusunda s\u0131cak bir geli\u015fme ya\u015fand\u0131. H\u0131rvat grubun eski ekibiyle mutabakat sa\u011flad\u0131\u011f\u0131 sav edildi.<\/p>\n","protected":false},"author":1,"featured_media":53955,"comment_status":"open","ping_status":"open","sticky":false,"template":"","format":"standard","meta":{"footnotes":""},"categories":[25],"tags":[2749],"class_list":["post-53954","post","type-post","status-publish","format-standard","has-post-thumbnail","hentry","category-futbol","tag-livakovic"],"_links":{"self":[{"href":"https:\/\/haberbesiktas.tr\/index.php?rest_route=\/wp\/v2\/posts\/53954","targetHints":{"allow":["GET"]}}],"collection":[{"href":"https:\/\/haberbesiktas.tr\/index.php?rest_route=\/wp\/v2\/posts"}],"about":[{"href":"https:\/\/haberbesiktas.tr\/index.php?rest_route=\/wp\/v2\/types\/post"}],"author":[{"embeddable":true,"href":"https:\/\/haberbesiktas.tr\/index.php?rest_route=\/wp\/v2\/users\/1"}],"replies":[{"embeddable":true,"href":"https:\/\/haberbesiktas.tr\/index.php?rest_route=%2Fwp%2Fv2%2Fcomments&post=53954"}],"version-history":[{"count":1,"href":"https:\/\/haberbesiktas.tr\/index.php?rest_route=\/wp\/v2\/posts\/53954\/revisions"}],"predecessor-version":[{"id":53956,"href":"https:\/\/haberbesiktas.tr\/index.php?rest_route=\/wp\/v2\/posts\/53954\/revisions\/53956"}],"wp:featuredmedia":[{"embeddable":true,"href":"https:\/\/haberbesiktas.tr\/index.php?rest_route=\/wp\/v2\/media\/53955"}],"wp:attachment":[{"href":"https:\/\/haberbesiktas.tr\/index.php?rest_route=%2Fwp%2Fv2%2Fmedia&parent=53954"}],"wp:term":[{"taxonomy":"category","embeddable":true,"href":"https:\/\/haberbesiktas.tr\/index.php?rest_route=%2Fwp%2Fv2%2Fcategories&post=53954"},{"taxonomy":"post_tag","embeddable":true,"href":"https:\/\/haberbesiktas.tr\/index.php?rest_route=%2Fwp%2Fv2%2Ftags&post=53954"}],"curies":[{"name":"wp","href":"https:\/\/api.w.org\/{rel}","templated":true}]}}