{"id":54024,"date":"2026-01-28T17:48:04","date_gmt":"2026-01-28T17:48:04","guid":{"rendered":"https:\/\/haberbesiktas.tr\/?p=54024"},"modified":"2026-01-28T17:48:04","modified_gmt":"2026-01-28T17:48:04","slug":"eyup-aydin-trafik-kazasi-gecirdi","status":"publish","type":"post","link":"https:\/\/haberbesiktas.tr\/?p=54024","title":{"rendered":"Ey\u00fcp Ayd\u0131n trafik kazas\u0131 ge\u00e7irdi"},"content":{"rendered":"<div>Samsun&#8217;un \u0130lkad\u0131m il\u00e7esinde 3 arac\u0131n kar\u0131\u015ft\u0131\u011f\u0131 trafik kazas\u0131nda 1 ki\u015fi hafif yaraland\u0131.<\/p>\n<p> Samsunsporlu futbolcu Ey\u00fcp Ayd\u0131n&#8217;\u0131n kulland\u0131\u011f\u0131 34 FKC 216 plakal\u0131 araba, Numan Karao\u011flan idaresindeki 61 AIJ 596 plakal\u0131 araba ile \u0130smail Ya\u015far y\u00f6netimindeki 55 APT 104 plakal\u0131 otomobil, \u0130stasyon Mahallesi Atat\u00fcrk Bulvar\u0131&#8217;nda \u00e7arp\u0131\u015ft\u0131.<\/p>\n<p> Kazada hafif yaralanan Karao\u011flan, s\u0131hhat grubunca kentteki \u00f6zel hastaneye g\u00f6t\u00fcr\u00fcld\u00fc. <\/p>\n<p> Kazan\u0131n akabinde trafik polisince tutulan tutanakta Ayd\u0131n&#8217;a, Karayollar\u0131 Trafik Kanunu kapsam\u0131nda, &#8220;Ara\u00e7lar\u0131n surat\u0131n\u0131 trafik durumunun gerektirdi\u011fi kurallara uydurmamak&#8221; yeterince kusur verildi.<\/p>\n<p> <strong>&#8211; Samsunspor&#8217;dan kaza ile ilgili a\u00e7\u0131klama<\/strong><\/p>\n<p> Trendyol S\u00fcper Lig gruplar\u0131ndan Samsunspor, oyuncular\u0131 Ey\u00fcp Ayd\u0131n&#8217;\u0131n ge\u00e7irdi\u011fi kaza ile ilgili a\u00e7\u0131klama yapt\u0131.<\/p>\n<p> K\u0131rm\u0131z\u0131-beyazl\u0131 kul\u00fcpten yap\u0131lan yaz\u0131l\u0131 a\u00e7\u0131klamada, oyuncular\u0131 Ey\u00fcp Ayd\u0131n&#8217;\u0131n bir trafik kazas\u0131na kar\u0131\u015ft\u0131\u011f\u0131n\u0131n \u00fcz\u00fclerek \u00f6\u011frenildi\u011fi belirtildi.<\/p>\n<p> A\u00e7\u0131klamada, &#8220;Ya\u015fanan kazada oyuncumuzun s\u0131hhat durumunun uygun oldu\u011fu, \u00f6nlem emelli denetimlerinin ger\u00e7ekle\u015ftirildi\u011fi bilgisi taraf\u0131m\u0131za iletilmi\u015ftir. Oyuncumuza ve \u00f6b\u00fcr kaza ge\u00e7irenlere ge\u00e7mi\u015f olsun dileklerimizi iletiyor, kamuoyunun bilgisine h\u00fcrmetle sunuyoruz.&#8221; tabirine yer verildi.<\/p>\n<p> \u00a0<\/p>\n<\/div>\n","protected":false},"excerpt":{"rendered":"<p>Bonservisi Galatasaray&#8217;da olan, Samsunspor&#8217;da kiral\u0131k forma giyen Ey\u00fcp Ayd\u0131n trafik kazas\u0131 ge\u00e7irdi. Ey\u00fcp Ayd\u0131n&#8217;\u0131n yaralanmad\u0131\u011f\u0131 ve kazan\u0131n maddi hasarla sonu\u00e7land\u0131\u011f\u0131 a\u00e7\u0131kland\u0131.<\/p>\n","protected":false},"author":1,"featured_media":54025,"comment_status":"open","ping_status":"open","sticky":false,"template":"","format":"standard","meta":{"footnotes":""},"categories":[25],"tags":[518,3957],"class_list":["post-54024","post","type-post","status-publish","format-standard","has-post-thumbnail","hentry","category-futbol","tag-kaza","tag-trafik"],"_links":{"self":[{"href":"https:\/\/haberbesiktas.tr\/index.php?rest_route=\/wp\/v2\/posts\/54024","targetHints":{"allow":["GET"]}}],"collection":[{"href":"https:\/\/haberbesiktas.tr\/index.php?rest_route=\/wp\/v2\/posts"}],"about":[{"href":"https:\/\/haberbesiktas.tr\/index.php?rest_route=\/wp\/v2\/types\/post"}],"author":[{"embeddable":true,"href":"https:\/\/haberbesiktas.tr\/index.php?rest_route=\/wp\/v2\/users\/1"}],"replies":[{"embeddable":true,"href":"https:\/\/haberbesiktas.tr\/index.php?rest_route=%2Fwp%2Fv2%2Fcomments&post=54024"}],"version-history":[{"count":1,"href":"https:\/\/haberbesiktas.tr\/index.php?rest_route=\/wp\/v2\/posts\/54024\/revisions"}],"predecessor-version":[{"id":54026,"href":"https:\/\/haberbesiktas.tr\/index.php?rest_route=\/wp\/v2\/posts\/54024\/revisions\/54026"}],"wp:featuredmedia":[{"embeddable":true,"href":"https:\/\/haberbesiktas.tr\/index.php?rest_route=\/wp\/v2\/media\/54025"}],"wp:attachment":[{"href":"https:\/\/haberbesiktas.tr\/index.php?rest_route=%2Fwp%2Fv2%2Fmedia&parent=54024"}],"wp:term":[{"taxonomy":"category","embeddable":true,"href":"https:\/\/haberbesiktas.tr\/index.php?rest_route=%2Fwp%2Fv2%2Fcategories&post=54024"},{"taxonomy":"post_tag","embeddable":true,"href":"https:\/\/haberbesiktas.tr\/index.php?rest_route=%2Fwp%2Fv2%2Ftags&post=54024"}],"curies":[{"name":"wp","href":"https:\/\/api.w.org\/{rel}","templated":true}]}}