{"id":54027,"date":"2026-01-28T18:00:06","date_gmt":"2026-01-28T18:00:06","guid":{"rendered":"https:\/\/haberbesiktas.tr\/?p=54027"},"modified":"2026-01-28T18:00:06","modified_gmt":"2026-01-28T18:00:06","slug":"fatih-karagumruk-kizilyildizdan-babickayi-kadrosuna-katti","status":"publish","type":"post","link":"https:\/\/haberbesiktas.tr\/?p=54027","title":{"rendered":"Fatih Karag\u00fcmr\u00fck, K\u0131z\u0131ly\u0131ld\u0131z&#8217;dan Babicka&#8217;y\u0131 kadrosuna katt\u0131"},"content":{"rendered":"<div>\u00a0Trendyol S\u00fcper Lig gruplar\u0131ndan M\u0131s\u0131rl\u0131.com.tr Fatih Karag\u00fcmr\u00fck, Gabonlu kanat oyuncusu Shavy Babicka&#8217;n\u0131n bonservisini d\u00f6nem sonuna kadar kiralad\u0131.<\/p>\n<p> Kul\u00fcb\u00fcn ABD merkezli X \u015firketinin toplumsal medya platformundaki hesab\u0131ndan yap\u0131lan payla\u015f\u0131mda, 25 ya\u015f\u0131ndaki futbolcunun d\u00f6nem sonuna kadar s\u00fcreksiz transferi i\u00e7in S\u0131rbistan grubu K\u0131z\u0131ly\u0131ld\u0131z ile mutabakata var\u0131ld\u0131\u011f\u0131 bildirildi.<\/p>\n<p> Babicka, mesle\u011finde daha evvel Aris Limassol ve Toulouse formalar\u0131n\u0131 giydi.<\/p>\n<\/div>\n","protected":false},"excerpt":{"rendered":"<p>Fatih Karag\u00fcmr\u00fck, Gabonlu kanat oyuncusu Shavy Babicka&#8217;n\u0131n bonservisini d\u00f6nem sonuna kadar kiralad\u0131.<\/p>\n","protected":false},"author":1,"featured_media":54028,"comment_status":"open","ping_status":"open","sticky":false,"template":"","format":"standard","meta":{"footnotes":""},"categories":[25],"tags":[],"class_list":["post-54027","post","type-post","status-publish","format-standard","has-post-thumbnail","hentry","category-futbol"],"_links":{"self":[{"href":"https:\/\/haberbesiktas.tr\/index.php?rest_route=\/wp\/v2\/posts\/54027","targetHints":{"allow":["GET"]}}],"collection":[{"href":"https:\/\/haberbesiktas.tr\/index.php?rest_route=\/wp\/v2\/posts"}],"about":[{"href":"https:\/\/haberbesiktas.tr\/index.php?rest_route=\/wp\/v2\/types\/post"}],"author":[{"embeddable":true,"href":"https:\/\/haberbesiktas.tr\/index.php?rest_route=\/wp\/v2\/users\/1"}],"replies":[{"embeddable":true,"href":"https:\/\/haberbesiktas.tr\/index.php?rest_route=%2Fwp%2Fv2%2Fcomments&post=54027"}],"version-history":[{"count":1,"href":"https:\/\/haberbesiktas.tr\/index.php?rest_route=\/wp\/v2\/posts\/54027\/revisions"}],"predecessor-version":[{"id":54029,"href":"https:\/\/haberbesiktas.tr\/index.php?rest_route=\/wp\/v2\/posts\/54027\/revisions\/54029"}],"wp:featuredmedia":[{"embeddable":true,"href":"https:\/\/haberbesiktas.tr\/index.php?rest_route=\/wp\/v2\/media\/54028"}],"wp:attachment":[{"href":"https:\/\/haberbesiktas.tr\/index.php?rest_route=%2Fwp%2Fv2%2Fmedia&parent=54027"}],"wp:term":[{"taxonomy":"category","embeddable":true,"href":"https:\/\/haberbesiktas.tr\/index.php?rest_route=%2Fwp%2Fv2%2Fcategories&post=54027"},{"taxonomy":"post_tag","embeddable":true,"href":"https:\/\/haberbesiktas.tr\/index.php?rest_route=%2Fwp%2Fv2%2Ftags&post=54027"}],"curies":[{"name":"wp","href":"https:\/\/api.w.org\/{rel}","templated":true}]}}