{"id":54051,"date":"2026-01-28T19:36:05","date_gmt":"2026-01-28T19:36:05","guid":{"rendered":"https:\/\/haberbesiktas.tr\/?p=54051"},"modified":"2026-01-28T19:36:05","modified_gmt":"2026-01-28T19:36:05","slug":"emeryden-tammy-abraham-icin-aciklama","status":"publish","type":"post","link":"https:\/\/haberbesiktas.tr\/?p=54051","title":{"rendered":"Emery&#8217;den Tammy Abraham i\u00e7in a\u00e7\u0131klama!"},"content":{"rendered":"<div>Aston Villa Teknik Y\u00f6neticisi Unai Emery, UEFA Avrupa Ligi&#8217;nde Salzburg ile oynayacaklar\u0131 ma\u00e7 \u00f6ncesi bas\u0131n toplant\u0131s\u0131nda a\u00e7\u0131klamalarda bulundu.<\/p>\n<p> \u0130spanyol teknik adam, Be\u015fikta\u015f&#8217;tan transfer edilen Tammy Abraham ile ilgili de konu\u015ftu. Emery,<strong> &#8220;Abraham, yedi y\u0131l evvel burada oynad\u0131. O, Malen ayr\u0131ld\u0131ktan sonra hedefledi\u011fimiz oyunculardan birisiydi. Ekibe yapaca\u011f\u0131 katk\u0131 konusunda heyecanl\u0131y\u0131z.&#8221;<\/strong> kelamlar\u0131n\u0131 sarf etti.<\/p>\n<p> Aston Villa&#8217;n\u0131n Be\u015fikta\u015f&#8217;tan tak\u0131m\u0131na katt\u0131\u011f\u0131 Abraham, siyah-beyazl\u0131larda yar\u0131m d\u00f6nemde 26 ma\u00e7a \u00e7\u0131kt\u0131 ve 13 gol, 3 asistlik performans ortaya koydu.<\/p>\n<\/div>\n","protected":false},"excerpt":{"rendered":"<p>Aston Villa Teknik Y\u00f6neticisi Unai Emery, Be\u015fikta\u015f&#8217;tan transfer edilen Tammy Abraham ile ilgili konu\u015ftu.<\/p>\n","protected":false},"author":1,"featured_media":54052,"comment_status":"open","ping_status":"open","sticky":false,"template":"","format":"standard","meta":{"footnotes":""},"categories":[25],"tags":[],"class_list":["post-54051","post","type-post","status-publish","format-standard","has-post-thumbnail","hentry","category-futbol"],"_links":{"self":[{"href":"https:\/\/haberbesiktas.tr\/index.php?rest_route=\/wp\/v2\/posts\/54051","targetHints":{"allow":["GET"]}}],"collection":[{"href":"https:\/\/haberbesiktas.tr\/index.php?rest_route=\/wp\/v2\/posts"}],"about":[{"href":"https:\/\/haberbesiktas.tr\/index.php?rest_route=\/wp\/v2\/types\/post"}],"author":[{"embeddable":true,"href":"https:\/\/haberbesiktas.tr\/index.php?rest_route=\/wp\/v2\/users\/1"}],"replies":[{"embeddable":true,"href":"https:\/\/haberbesiktas.tr\/index.php?rest_route=%2Fwp%2Fv2%2Fcomments&post=54051"}],"version-history":[{"count":1,"href":"https:\/\/haberbesiktas.tr\/index.php?rest_route=\/wp\/v2\/posts\/54051\/revisions"}],"predecessor-version":[{"id":54053,"href":"https:\/\/haberbesiktas.tr\/index.php?rest_route=\/wp\/v2\/posts\/54051\/revisions\/54053"}],"wp:featuredmedia":[{"embeddable":true,"href":"https:\/\/haberbesiktas.tr\/index.php?rest_route=\/wp\/v2\/media\/54052"}],"wp:attachment":[{"href":"https:\/\/haberbesiktas.tr\/index.php?rest_route=%2Fwp%2Fv2%2Fmedia&parent=54051"}],"wp:term":[{"taxonomy":"category","embeddable":true,"href":"https:\/\/haberbesiktas.tr\/index.php?rest_route=%2Fwp%2Fv2%2Fcategories&post=54051"},{"taxonomy":"post_tag","embeddable":true,"href":"https:\/\/haberbesiktas.tr\/index.php?rest_route=%2Fwp%2Fv2%2Ftags&post=54051"}],"curies":[{"name":"wp","href":"https:\/\/api.w.org\/{rel}","templated":true}]}}