{"id":54057,"date":"2026-01-28T20:00:06","date_gmt":"2026-01-28T20:00:06","guid":{"rendered":"https:\/\/haberbesiktas.tr\/?p=54057"},"modified":"2026-01-28T20:00:06","modified_gmt":"2026-01-28T20:00:06","slug":"lucas-paqueta-flamengoya-imza-atiyor","status":"publish","type":"post","link":"https:\/\/haberbesiktas.tr\/?p=54057","title":{"rendered":"Lucas Paqueta, Flamengo&#8217;ya imza at\u0131yor!"},"content":{"rendered":"<div>West Ham United formas\u0131 giyen Lucas Paqueta, Flamengo&#8217;ya geri d\u00f6nmeye haz\u0131rlan\u0131yor.<\/p>\n<p><strong>ANLA\u015eMA SA\u011eLANDI<\/strong><\/p>\n<p> \u0130ngiliz temsilcisi ve Flamengo, Brezilyal\u0131 y\u0131ld\u0131z\u0131n transferi konusunda 44.3 milyon euro&#8217;ya mutabakat sa\u011flad\u0131.<\/p>\n<p> West Ham, Flamengo ile mutabakat\u0131n\u0131n akabinde Paqueta&#8217;ya s\u0131hhat denetimleri ve transferi tamamlamas\u0131 i\u00e7in m\u00fcsaade verildi\u011fini a\u00e7\u0131klad\u0131. 28 ya\u015f\u0131ndaki y\u0131ld\u0131z, Brezilya&#8217;ya gitmesinin akabinde s\u0131hhat denetimlerinden ge\u00e7ecek ve Flamengo&#8217;ya imza atacak.<\/p>\n<p><strong>SEZON PERFORMANSI<\/strong> <\/p>\n<p> West Ham United formas\u0131 alt\u0131nda bu d\u00f6nem 19 ma\u00e7ta m\u00fchlet bulan Paqueta, 5 gol att\u0131 ve 1 asist yapt\u0131.<\/p>\n<p><strong>7 YIL SONRA GER\u0130 D\u00d6N\u00dc\u015e<\/strong><\/p>\n<p> Flamengo altyap\u0131s\u0131ndan yeti\u015fen Lucas Paqueta, transferin tamamlanmas\u0131yla birlikte 7 y\u0131l ortan\u0131n akabinde Brezilya temsilcisine geri d\u00f6nm\u00fc\u015f olacak.<\/p>\n<\/div>\n","protected":false},"excerpt":{"rendered":"<p>West Ham United, Brezilyal\u0131 y\u0131ld\u0131z\u0131 Lucas Paqueta&#8217;n\u0131n transferi i\u00e7in Flamengo ile muahede sa\u011flad\u0131. \u0130ngiliz tak\u0131m\u0131, Paqueta&#8217;ya transferi tamamlamak ve s\u0131hhat denetimleri i\u00e7in m\u00fcsaade verdi.<\/p>\n","protected":false},"author":1,"featured_media":54058,"comment_status":"open","ping_status":"open","sticky":false,"template":"","format":"standard","meta":{"footnotes":""},"categories":[25],"tags":[1572],"class_list":["post-54057","post","type-post","status-publish","format-standard","has-post-thumbnail","hentry","category-futbol","tag-flamengo"],"_links":{"self":[{"href":"https:\/\/haberbesiktas.tr\/index.php?rest_route=\/wp\/v2\/posts\/54057","targetHints":{"allow":["GET"]}}],"collection":[{"href":"https:\/\/haberbesiktas.tr\/index.php?rest_route=\/wp\/v2\/posts"}],"about":[{"href":"https:\/\/haberbesiktas.tr\/index.php?rest_route=\/wp\/v2\/types\/post"}],"author":[{"embeddable":true,"href":"https:\/\/haberbesiktas.tr\/index.php?rest_route=\/wp\/v2\/users\/1"}],"replies":[{"embeddable":true,"href":"https:\/\/haberbesiktas.tr\/index.php?rest_route=%2Fwp%2Fv2%2Fcomments&post=54057"}],"version-history":[{"count":1,"href":"https:\/\/haberbesiktas.tr\/index.php?rest_route=\/wp\/v2\/posts\/54057\/revisions"}],"predecessor-version":[{"id":54059,"href":"https:\/\/haberbesiktas.tr\/index.php?rest_route=\/wp\/v2\/posts\/54057\/revisions\/54059"}],"wp:featuredmedia":[{"embeddable":true,"href":"https:\/\/haberbesiktas.tr\/index.php?rest_route=\/wp\/v2\/media\/54058"}],"wp:attachment":[{"href":"https:\/\/haberbesiktas.tr\/index.php?rest_route=%2Fwp%2Fv2%2Fmedia&parent=54057"}],"wp:term":[{"taxonomy":"category","embeddable":true,"href":"https:\/\/haberbesiktas.tr\/index.php?rest_route=%2Fwp%2Fv2%2Fcategories&post=54057"},{"taxonomy":"post_tag","embeddable":true,"href":"https:\/\/haberbesiktas.tr\/index.php?rest_route=%2Fwp%2Fv2%2Ftags&post=54057"}],"curies":[{"name":"wp","href":"https:\/\/api.w.org\/{rel}","templated":true}]}}