{"id":54081,"date":"2026-01-28T21:36:08","date_gmt":"2026-01-28T21:36:08","guid":{"rendered":"https:\/\/haberbesiktas.tr\/?p=54081"},"modified":"2026-01-28T21:36:08","modified_gmt":"2026-01-28T21:36:08","slug":"trabzonsporlu-andre-onana-icin-inter-iddiasi","status":"publish","type":"post","link":"https:\/\/haberbesiktas.tr\/?p=54081","title":{"rendered":"Trabzonsporlu Andre Onana i\u00e7in Inter iddias\u0131!"},"content":{"rendered":"<div>\n<div>Manchester United&#8217;\u0131n Kamerunlu kalecisi Andre Onana&#8217;n\u0131n, 2026 yaz transfer d\u00f6neminde eski kul\u00fcb\u00fc Inter&#8217;e s\u00fcrpriz bir d\u00f6n\u00fc\u015f yapabilece\u011fi \u00f6ne s\u00fcr\u00fcld\u00fc.<\/div>\n<div>\u00a0<\/div>\n<div>Halihaz\u0131rda Trabzonspor&#8217;da kiral\u0131k olarak forma giyen tecr\u00fcbeli eldivenin, d\u00f6nem sonunda Karadeniz tak\u0131m\u0131nda kalmas\u0131n\u0131n beklenmedi\u011fi belirtildi.<\/div>\n<div>\u00a0<\/div>\n<div>\u0130ddiaya nazaran Onana, kiral\u0131k mukavelesinin sona ermesinin akabinde mesle\u011fine devam edebilece\u011fi yeni bir kul\u00fcp aray\u0131\u015f\u0131na girdi.<\/div>\n<div>\u00a0<\/div>\n<div>\u0130ngiliz bas\u0131n\u0131ndan Daily Mail&#8217;in haberinde, 29 ya\u015f\u0131ndaki kalecinin Manchester United&#8217;a geri d\u00f6nme ihtimalini b\u00fcsb\u00fct\u00fcn d\u0131\u015flamad\u0131\u011f\u0131 lakin gelecek planlamas\u0131n\u0131 b\u00fcy\u00fck \u00f6l\u00e7\u00fcde Manchester d\u0131\u015f\u0131nda yapt\u0131\u011f\u0131 tabir edildi.<\/div>\n<div>\u00a0<\/div>\n<div><strong>INTER SE\u00c7ENE\u011e\u0130 TEKRAR G\u00dcNDEMDE<\/strong><\/div>\n<div>\u00a0<\/div>\n<div>Haberde, Onana&#8217;n\u0131n temsilcilerinin bu hafta Milano&#8217;ya giderek kimi kul\u00fcplerle g\u00f6r\u00fc\u015fmeler ger\u00e7ekle\u015ftirdi\u011fi ve Inter&#8217;in de muhtemel adresler ortas\u0131nda yer ald\u0131\u011f\u0131 aktar\u0131ld\u0131.<\/div>\n<div>\u00a0<\/div>\n<div>Serie A&#8217;da tepe u\u011fra\u015f\u0131 veren Inter&#8217;in, mevcut kalecisi Yann Sommer&#8217;in yerine alternatif isimleri de\u011ferlendirdi\u011fi ve Onana&#8217;n\u0131n bu listede bulundu\u011fu kaydedildi.<\/div>\n<div>\u00a0<\/div>\n<div>\u00d6te yandan Inter&#8217;in radar\u0131ndaki bir \u00f6teki kalecinin Tottenham formas\u0131 giyen Guglielmo Vicario oldu\u011fu belirtilirken, Onana&#8217;n\u0131n da \u0130talya&#8217;ya d\u00f6n\u00fc\u015fe s\u0131cak bakt\u0131\u011f\u0131 vurguland\u0131.<\/div>\n<div>\u00a0<\/div>\n<div>Deneyimli kalecinin, Inter&#8217;de oynad\u0131\u011f\u0131 birinci periyotta ya\u015fad\u0131\u011f\u0131 meskeni hala elinde bulundurmas\u0131n\u0131n bu duruma i\u015faret etti\u011fi s\u00f6z edildi.<\/div>\n<div>\u00a0<\/div>\n<div><strong>MAA\u015e MAN\u0130S\u0130 \u00d6NE \u00c7IKIYOR<\/strong><\/div>\n<div>\u00a0<\/div>\n<div>Transferin \u00f6n\u00fcndeki en b\u00fcy\u00fck p\u00fcr\u00fcz\u00fcn ise maa\u015f oldu\u011fu lisana getirildi. Trabzonspor&#8217;a kiralanabilmesi i\u00e7in fiyat\u0131nda art\u0131\u015f yap\u0131lan Onana&#8217;n\u0131n y\u00fcksek maa\u015f beklentisinin, Inter a\u00e7\u0131s\u0131ndan k\u0131ymetli bir finansal y\u00fck olu\u015fturabilece\u011fi belirtiliyor. Bu durumun, m\u00fcmk\u00fcn transfer g\u00f6r\u00fc\u015fmelerinde belirleyici rol oynayaca\u011f\u0131 kaydedildi.<\/div>\n<div>\u00a0<\/div>\n<div>Andre Onana&#8217;n\u0131n gelece\u011fine ait sonuncu karar\u0131n, d\u00f6nem sonunda yap\u0131lacak g\u00f6r\u00fc\u015fmelerin akabinde netlik kazanmas\u0131 bekleniyor.<\/div>\n<\/p><\/div>\n","protected":false},"excerpt":{"rendered":"<p>Manchester United kalecisi Andre Onana&#8217;n\u0131n, Trabzonspor&#8217;daki kiral\u0131k mukavelesinin sona ermesinin akabinde 2026 yaz\u0131nda eski kul\u00fcb\u00fc Inter&#8217;e d\u00f6nme ihtimalinin masada oldu\u011fu \u00f6ne s\u00fcr\u00fcld\u00fc.<\/p>\n","protected":false},"author":1,"featured_media":54082,"comment_status":"open","ping_status":"open","sticky":false,"template":"","format":"standard","meta":{"footnotes":""},"categories":[25],"tags":[622],"class_list":["post-54081","post","type-post","status-publish","format-standard","has-post-thumbnail","hentry","category-futbol","tag-inter"],"_links":{"self":[{"href":"https:\/\/haberbesiktas.tr\/index.php?rest_route=\/wp\/v2\/posts\/54081","targetHints":{"allow":["GET"]}}],"collection":[{"href":"https:\/\/haberbesiktas.tr\/index.php?rest_route=\/wp\/v2\/posts"}],"about":[{"href":"https:\/\/haberbesiktas.tr\/index.php?rest_route=\/wp\/v2\/types\/post"}],"author":[{"embeddable":true,"href":"https:\/\/haberbesiktas.tr\/index.php?rest_route=\/wp\/v2\/users\/1"}],"replies":[{"embeddable":true,"href":"https:\/\/haberbesiktas.tr\/index.php?rest_route=%2Fwp%2Fv2%2Fcomments&post=54081"}],"version-history":[{"count":1,"href":"https:\/\/haberbesiktas.tr\/index.php?rest_route=\/wp\/v2\/posts\/54081\/revisions"}],"predecessor-version":[{"id":54083,"href":"https:\/\/haberbesiktas.tr\/index.php?rest_route=\/wp\/v2\/posts\/54081\/revisions\/54083"}],"wp:featuredmedia":[{"embeddable":true,"href":"https:\/\/haberbesiktas.tr\/index.php?rest_route=\/wp\/v2\/media\/54082"}],"wp:attachment":[{"href":"https:\/\/haberbesiktas.tr\/index.php?rest_route=%2Fwp%2Fv2%2Fmedia&parent=54081"}],"wp:term":[{"taxonomy":"category","embeddable":true,"href":"https:\/\/haberbesiktas.tr\/index.php?rest_route=%2Fwp%2Fv2%2Fcategories&post=54081"},{"taxonomy":"post_tag","embeddable":true,"href":"https:\/\/haberbesiktas.tr\/index.php?rest_route=%2Fwp%2Fv2%2Ftags&post=54081"}],"curies":[{"name":"wp","href":"https:\/\/api.w.org\/{rel}","templated":true}]}}