{"id":54096,"date":"2026-01-28T22:36:05","date_gmt":"2026-01-28T22:36:05","guid":{"rendered":"https:\/\/haberbesiktas.tr\/?p=54096"},"modified":"2026-01-28T22:36:05","modified_gmt":"2026-01-28T22:36:05","slug":"genclerbirligi-ousmane-diabate-ile-sozlesme-imzaladi","status":"publish","type":"post","link":"https:\/\/haberbesiktas.tr\/?p=54096","title":{"rendered":"Gen\u00e7lerbirli\u011fi, Ousmane Diabate ile s\u00f6zle\u015fme imzalad\u0131"},"content":{"rendered":"<div>\n<div>Trendyol S\u00fcper Lig tak\u0131mlar\u0131ndan Gen\u00e7lerbirli\u011fi, 18 ya\u015f\u0131ndaki Gineli futbolcu Ousmane Diabate ile profesyonel kontrat imzalad\u0131.<\/div>\n<div>\u00a0<\/div>\n<div>Ba\u015fkent tak\u0131m\u0131, bu d\u00f6nem 19 ya\u015f alt\u0131 kadrosuyla 5 ma\u00e7a \u00e7\u0131kan Diabate ile profesyonel mukavele imzaland\u0131\u011f\u0131n\u0131 T\u00fcrkiye Futbol Federasyonuna (TFF) bildirdi.<\/div>\n<div>\u00a0<\/div>\n<div>TFF&#8217;nin internet sitesinde yer alan lisans bilgilerine nazaran \u00f6n liberoda misyon yapan gen\u00e7 futbolcu, 3,5 y\u0131ll\u0131k kontrata imza att\u0131.<\/div>\n<\/p><\/div>\n","protected":false},"excerpt":{"rendered":"<p>Trendyol S\u00fcper Lig grubu Gen\u00e7lerbirli\u011fi, 18 ya\u015f\u0131ndaki Gineli \u00f6n libero Ousmane Diabate ile 3,5 y\u0131ll\u0131k profesyonel mukavele yapt\u0131.<\/p>\n","protected":false},"author":1,"featured_media":54097,"comment_status":"open","ping_status":"open","sticky":false,"template":"","format":"standard","meta":{"footnotes":""},"categories":[25],"tags":[],"class_list":["post-54096","post","type-post","status-publish","format-standard","has-post-thumbnail","hentry","category-futbol"],"_links":{"self":[{"href":"https:\/\/haberbesiktas.tr\/index.php?rest_route=\/wp\/v2\/posts\/54096","targetHints":{"allow":["GET"]}}],"collection":[{"href":"https:\/\/haberbesiktas.tr\/index.php?rest_route=\/wp\/v2\/posts"}],"about":[{"href":"https:\/\/haberbesiktas.tr\/index.php?rest_route=\/wp\/v2\/types\/post"}],"author":[{"embeddable":true,"href":"https:\/\/haberbesiktas.tr\/index.php?rest_route=\/wp\/v2\/users\/1"}],"replies":[{"embeddable":true,"href":"https:\/\/haberbesiktas.tr\/index.php?rest_route=%2Fwp%2Fv2%2Fcomments&post=54096"}],"version-history":[{"count":1,"href":"https:\/\/haberbesiktas.tr\/index.php?rest_route=\/wp\/v2\/posts\/54096\/revisions"}],"predecessor-version":[{"id":54098,"href":"https:\/\/haberbesiktas.tr\/index.php?rest_route=\/wp\/v2\/posts\/54096\/revisions\/54098"}],"wp:featuredmedia":[{"embeddable":true,"href":"https:\/\/haberbesiktas.tr\/index.php?rest_route=\/wp\/v2\/media\/54097"}],"wp:attachment":[{"href":"https:\/\/haberbesiktas.tr\/index.php?rest_route=%2Fwp%2Fv2%2Fmedia&parent=54096"}],"wp:term":[{"taxonomy":"category","embeddable":true,"href":"https:\/\/haberbesiktas.tr\/index.php?rest_route=%2Fwp%2Fv2%2Fcategories&post=54096"},{"taxonomy":"post_tag","embeddable":true,"href":"https:\/\/haberbesiktas.tr\/index.php?rest_route=%2Fwp%2Fv2%2Ftags&post=54096"}],"curies":[{"name":"wp","href":"https:\/\/api.w.org\/{rel}","templated":true}]}}