{"id":54099,"date":"2026-01-28T22:48:05","date_gmt":"2026-01-28T22:48:05","guid":{"rendered":"https:\/\/haberbesiktas.tr\/?p=54099"},"modified":"2026-01-28T22:48:05","modified_gmt":"2026-01-28T22:48:05","slug":"bolusporda-erdal-gunes-donemi-basladi","status":"publish","type":"post","link":"https:\/\/haberbesiktas.tr\/?p=54099","title":{"rendered":"Boluspor&#8217;da Erdal G\u00fcne\u015f d\u00f6nemi ba\u015flad\u0131"},"content":{"rendered":"<div>\n<div>Trendyol 1. Lig&#8217;de \u00e7aba eden Boluspor&#8217;da teknik y\u00f6neticilik misyonuna Erdal G\u00fcne\u015f getirildi.<\/div>\n<div>\u00a0<\/div>\n<div>Kul\u00fcpten yap\u0131lan a\u00e7\u0131klamada, &#8220;Kul\u00fcb\u00fcm\u00fcz, teknik y\u00f6netici Erdal G\u00fcne\u015f ile 1 y\u0131l\u0131 opsiyonlu olmak \u00fczere 1,5 y\u0131ll\u0131k muahedeye varm\u0131\u015ft\u0131r.&#8221; s\u00f6zlerine yer verildi.<\/div>\n<div>\u00a0<\/div>\n<div>Gaziantep FK b\u00fcnyesinde yard\u0131mc\u0131 antren\u00f6r olarak \u00e7al\u0131\u015fan G\u00fcne\u015f, S\u00fcper Lig ve T\u00fcrkiye Kupas\u0131 m\u00fcsabakalar\u0131nda A Kadro d\u00fczeyinde teknik grupta yer ald\u0131.<\/div>\n<div>\u00a0<\/div>\n<div>Kul\u00fcp mesle\u011finin yan\u0131 s\u0131ra ulusal grup seviyesinde de vazife yapan Erdal G\u00fcne\u015f, T\u00fcrkiye 20 Ya\u015f Alt\u0131 Ulusal Kadrosu&#8217;nu \u00e7al\u0131\u015ft\u0131rd\u0131.<\/div>\n<\/p><\/div>\n","protected":false},"excerpt":{"rendered":"<p>Trendyol 1. Lig tak\u0131m\u0131 Boluspor, teknik y\u00f6neticilik misyonuna Erdal G\u00fcne\u015f&#8217;i getirirken, deneyimli \u00e7al\u0131\u015ft\u0131r\u0131c\u0131yla 1,5 y\u0131ll\u0131k mukavele imzaland\u0131\u011f\u0131n\u0131 a\u00e7\u0131klad\u0131.<\/p>\n","protected":false},"author":1,"featured_media":54100,"comment_status":"open","ping_status":"open","sticky":false,"template":"","format":"standard","meta":{"footnotes":""},"categories":[25],"tags":[],"class_list":["post-54099","post","type-post","status-publish","format-standard","has-post-thumbnail","hentry","category-futbol"],"_links":{"self":[{"href":"https:\/\/haberbesiktas.tr\/index.php?rest_route=\/wp\/v2\/posts\/54099","targetHints":{"allow":["GET"]}}],"collection":[{"href":"https:\/\/haberbesiktas.tr\/index.php?rest_route=\/wp\/v2\/posts"}],"about":[{"href":"https:\/\/haberbesiktas.tr\/index.php?rest_route=\/wp\/v2\/types\/post"}],"author":[{"embeddable":true,"href":"https:\/\/haberbesiktas.tr\/index.php?rest_route=\/wp\/v2\/users\/1"}],"replies":[{"embeddable":true,"href":"https:\/\/haberbesiktas.tr\/index.php?rest_route=%2Fwp%2Fv2%2Fcomments&post=54099"}],"version-history":[{"count":1,"href":"https:\/\/haberbesiktas.tr\/index.php?rest_route=\/wp\/v2\/posts\/54099\/revisions"}],"predecessor-version":[{"id":54101,"href":"https:\/\/haberbesiktas.tr\/index.php?rest_route=\/wp\/v2\/posts\/54099\/revisions\/54101"}],"wp:featuredmedia":[{"embeddable":true,"href":"https:\/\/haberbesiktas.tr\/index.php?rest_route=\/wp\/v2\/media\/54100"}],"wp:attachment":[{"href":"https:\/\/haberbesiktas.tr\/index.php?rest_route=%2Fwp%2Fv2%2Fmedia&parent=54099"}],"wp:term":[{"taxonomy":"category","embeddable":true,"href":"https:\/\/haberbesiktas.tr\/index.php?rest_route=%2Fwp%2Fv2%2Fcategories&post=54099"},{"taxonomy":"post_tag","embeddable":true,"href":"https:\/\/haberbesiktas.tr\/index.php?rest_route=%2Fwp%2Fv2%2Ftags&post=54099"}],"curies":[{"name":"wp","href":"https:\/\/api.w.org\/{rel}","templated":true}]}}