{"id":54102,"date":"2026-01-28T23:00:12","date_gmt":"2026-01-28T23:00:12","guid":{"rendered":"https:\/\/haberbesiktas.tr\/?p=54102"},"modified":"2026-01-28T23:00:12","modified_gmt":"2026-01-28T23:00:12","slug":"atletico-madridden-goretzka-hamlesi","status":"publish","type":"post","link":"https:\/\/haberbesiktas.tr\/?p=54102","title":{"rendered":"Atletico Madrid&#8217;den Goretzka hamlesi"},"content":{"rendered":"<div>Atletico Madrid, Bayern M\u00fcnih ile kontrat\u0131 d\u00f6nem sonunda bitecek Leon Goretzka&#8217;y\u0131 transfer etmek istiyor.<\/p>\n<p> \u0130spanyol tak\u0131m\u0131, Goretzka&#8217;y\u0131 ekipten ayr\u0131lan ve Tottenham&#8217;a imza atan Conor Gallagher&#8217;\u0131n yerine d\u00fc\u015f\u00fcn\u00fcyor.<\/p>\n<p><strong>ATLETICO&#8217;YA SICAK BAKIYOR<\/strong><\/p>\n<p> Atletico Madrid, bir m\u00fcddettir g\u00fcndemde yer alan Goretzka ile yeni bir g\u00f6r\u00fc\u015fme yapt\u0131. Alman futbolcu, Atletico Madrid&#8217;e transfer olmaya s\u0131cak bak\u0131yor.<\/p>\n<p><strong>GORETZKA&#8217;NIN SE\u00c7ENEKLER\u0130<\/strong> <\/p>\n<p> Sky&#8217;da yer alan habere nazaran, Goretzka&#8217;n\u0131n \u00f6n\u00fcnde d\u00f6nemi Bayern M\u00fcnih&#8217;te tamamlamak ve orta transfer periyodunda Atletico Madrid&#8217;e imza atmak se\u00e7enekleri yer al\u0131yor.<\/p>\n<p><strong>SEZON PERFORMANSI<\/strong><\/p>\n<p> 30 ya\u015f\u0131ndaki Goretzka&#8217;n\u0131n gelece\u011fi ile ilgili karar\u0131n\u0131 k\u0131sa m\u00fchlet i\u00e7erisinde vermesi planlan\u0131yor.<\/p>\n<p> Bayern M\u00fcnih formas\u0131 alt\u0131nda bu d\u00f6nem 28 ma\u00e7ta m\u00fchlet bulan Goretzka, 1 sefer a\u011flar\u0131 havaland\u0131rd\u0131.<\/p>\n<\/div>\n","protected":false},"excerpt":{"rendered":"<p>Atletico Madrid, ekipten ayr\u0131lan Conor Gallagher&#8217;\u0131n yerine Bayern M\u00fcnih&#8217;ten Leon Goretzka&#8217;y\u0131 transfer etmek istiyor.<\/p>\n","protected":false},"author":1,"featured_media":54103,"comment_status":"open","ping_status":"open","sticky":false,"template":"","format":"standard","meta":{"footnotes":""},"categories":[25],"tags":[3960],"class_list":["post-54102","post","type-post","status-publish","format-standard","has-post-thumbnail","hentry","category-futbol","tag-goretzka"],"_links":{"self":[{"href":"https:\/\/haberbesiktas.tr\/index.php?rest_route=\/wp\/v2\/posts\/54102","targetHints":{"allow":["GET"]}}],"collection":[{"href":"https:\/\/haberbesiktas.tr\/index.php?rest_route=\/wp\/v2\/posts"}],"about":[{"href":"https:\/\/haberbesiktas.tr\/index.php?rest_route=\/wp\/v2\/types\/post"}],"author":[{"embeddable":true,"href":"https:\/\/haberbesiktas.tr\/index.php?rest_route=\/wp\/v2\/users\/1"}],"replies":[{"embeddable":true,"href":"https:\/\/haberbesiktas.tr\/index.php?rest_route=%2Fwp%2Fv2%2Fcomments&post=54102"}],"version-history":[{"count":1,"href":"https:\/\/haberbesiktas.tr\/index.php?rest_route=\/wp\/v2\/posts\/54102\/revisions"}],"predecessor-version":[{"id":54104,"href":"https:\/\/haberbesiktas.tr\/index.php?rest_route=\/wp\/v2\/posts\/54102\/revisions\/54104"}],"wp:featuredmedia":[{"embeddable":true,"href":"https:\/\/haberbesiktas.tr\/index.php?rest_route=\/wp\/v2\/media\/54103"}],"wp:attachment":[{"href":"https:\/\/haberbesiktas.tr\/index.php?rest_route=%2Fwp%2Fv2%2Fmedia&parent=54102"}],"wp:term":[{"taxonomy":"category","embeddable":true,"href":"https:\/\/haberbesiktas.tr\/index.php?rest_route=%2Fwp%2Fv2%2Fcategories&post=54102"},{"taxonomy":"post_tag","embeddable":true,"href":"https:\/\/haberbesiktas.tr\/index.php?rest_route=%2Fwp%2Fv2%2Ftags&post=54102"}],"curies":[{"name":"wp","href":"https:\/\/api.w.org\/{rel}","templated":true}]}}