{"id":54105,"date":"2026-01-28T23:12:05","date_gmt":"2026-01-28T23:12:05","guid":{"rendered":"https:\/\/haberbesiktas.tr\/?p=54105"},"modified":"2026-01-28T23:12:05","modified_gmt":"2026-01-28T23:12:05","slug":"altekma-benficayi-altin-sette-gecerek-ceyrek-finale-yukseldi","status":"publish","type":"post","link":"https:\/\/haberbesiktas.tr\/?p=54105","title":{"rendered":"Altekma, Benfica&#8217;y\u0131 alt\u0131n sette ge\u00e7erek \u00e7eyrek finale y\u00fckseldi"},"content":{"rendered":"<div>Altekma Erkek Voleybol Ekibi, CEV Challenge Kupas\u0131 8&#8217;li final \u00e7e\u015fidi ikinci ma\u00e7\u0131nda alan\u0131nda Portekiz&#8217;in Benfica grubunu 3-2 yendi.<\/div>\n<div>\u00a0<\/div>\n<div>\u0130zmir temsilcisi, deplasmanda 3-2 kaybetti\u011fi rakibini alt\u0131n sette 15-13 yenerek \u00e7eyrek finale y\u00fckseldi.<\/div>\n<div>\u00a0<\/div>\n<div>Salon: TVF Atat\u00fcrk Voleybol Salonu<\/div>\n<div>\u00a0<\/div>\n<div>Hakemler: Fikrat Akhundov (Azerbaycan), Vasileios Nikakis (Yunanistan)<\/div>\n<div>\u00a0<\/div>\n<div>Altekma: Buculjevic, Ewert, G\u00fclhan P\u0131nar, Lawani, Cafer Kirkit, Bertu\u011f \u00d6nde\u015f (H\u00fcseyin \u015eahin, Bo\u011fa\u00e7han Zambak, Erhan Hamarat, Eray Kursav)<\/div>\n<div>\u00a0<\/div>\n<div>Benfica: Ryuma, De Camargo, Da Silva, Ventura, Santos, Bandero (Casas, Nivaldo, Pombeiro)<\/div>\n<div>\u00a0<\/div>\n<div>Setler: 19-25, 25-19, 25-20, 22-25, 15-11<\/div>\n<div>\u00a0<\/div>\n<div>S\u00fcre: 144 dakika<\/div>\n<div>\u00a0<\/div>\n<div><img decoding=\"async\" src=\"https:\/\/haberbesiktas.tr\/wp-content\/uploads\/2026\/01\/altekma-benficayi-altin-sette-gecerek-ceyrek-finale-yukseldi-0-NabS3RiZ.jpg\"\/><\/div>\n<div><img decoding=\"async\" src=\"https:\/\/haberbesiktas.tr\/wp-content\/uploads\/2026\/01\/altekma-benficayi-altin-sette-gecerek-ceyrek-finale-yukseldi-1-RG8iHv59.jpg\"\/><\/div>\n<div><img decoding=\"async\" src=\"https:\/\/haberbesiktas.tr\/wp-content\/uploads\/2026\/01\/altekma-benficayi-altin-sette-gecerek-ceyrek-finale-yukseldi-2-qnSFmzbW.jpg\"\/><\/div>\n<div><img decoding=\"async\" src=\"https:\/\/haberbesiktas.tr\/wp-content\/uploads\/2026\/01\/altekma-benficayi-altin-sette-gecerek-ceyrek-finale-yukseldi-3-cAc2tQf5.jpg\"\/><\/div>\n<div><img decoding=\"async\" src=\"https:\/\/haberbesiktas.tr\/wp-content\/uploads\/2026\/01\/altekma-benficayi-altin-sette-gecerek-ceyrek-finale-yukseldi-4-eyKlk7Gl.jpg\"\/><\/div>\n","protected":false},"excerpt":{"rendered":"<p>CEV Challenge Kupas\u0131 8&#8217;li final \u00e7e\u015fidi ikinci ma\u00e7\u0131nda Altekma, alan\u0131nda Benfica&#8217;y\u0131 3-2 yenip alt\u0131n sette 15-13 galip gelerek \u00e7eyrek finale ismini yazd\u0131rd\u0131.<\/p>\n","protected":false},"author":1,"featured_media":54106,"comment_status":"open","ping_status":"open","sticky":false,"template":"","format":"standard","meta":{"footnotes":""},"categories":[39],"tags":[],"class_list":["post-54105","post","type-post","status-publish","format-standard","has-post-thumbnail","hentry","category-voleybol"],"_links":{"self":[{"href":"https:\/\/haberbesiktas.tr\/index.php?rest_route=\/wp\/v2\/posts\/54105","targetHints":{"allow":["GET"]}}],"collection":[{"href":"https:\/\/haberbesiktas.tr\/index.php?rest_route=\/wp\/v2\/posts"}],"about":[{"href":"https:\/\/haberbesiktas.tr\/index.php?rest_route=\/wp\/v2\/types\/post"}],"author":[{"embeddable":true,"href":"https:\/\/haberbesiktas.tr\/index.php?rest_route=\/wp\/v2\/users\/1"}],"replies":[{"embeddable":true,"href":"https:\/\/haberbesiktas.tr\/index.php?rest_route=%2Fwp%2Fv2%2Fcomments&post=54105"}],"version-history":[{"count":1,"href":"https:\/\/haberbesiktas.tr\/index.php?rest_route=\/wp\/v2\/posts\/54105\/revisions"}],"predecessor-version":[{"id":54112,"href":"https:\/\/haberbesiktas.tr\/index.php?rest_route=\/wp\/v2\/posts\/54105\/revisions\/54112"}],"wp:featuredmedia":[{"embeddable":true,"href":"https:\/\/haberbesiktas.tr\/index.php?rest_route=\/wp\/v2\/media\/54106"}],"wp:attachment":[{"href":"https:\/\/haberbesiktas.tr\/index.php?rest_route=%2Fwp%2Fv2%2Fmedia&parent=54105"}],"wp:term":[{"taxonomy":"category","embeddable":true,"href":"https:\/\/haberbesiktas.tr\/index.php?rest_route=%2Fwp%2Fv2%2Fcategories&post=54105"},{"taxonomy":"post_tag","embeddable":true,"href":"https:\/\/haberbesiktas.tr\/index.php?rest_route=%2Fwp%2Fv2%2Ftags&post=54105"}],"curies":[{"name":"wp","href":"https:\/\/api.w.org\/{rel}","templated":true}]}}