{"id":54124,"date":"2026-01-29T00:00:05","date_gmt":"2026-01-29T00:00:05","guid":{"rendered":"https:\/\/haberbesiktas.tr\/?p=54124"},"modified":"2026-01-29T00:00:05","modified_gmt":"2026-01-29T00:00:05","slug":"celine-dept-galatasaray-maci-icin-stadyumda","status":"publish","type":"post","link":"https:\/\/haberbesiktas.tr\/?p=54124","title":{"rendered":"Celine Dept, Galatasaray ma\u00e7\u0131 i\u00e7in stadyumda!"},"content":{"rendered":"<div>UEFA \u015eampiyonlar Ligi&#8217;ndeki Manchester City &#8211; Galatasaray ma\u00e7\u0131 \u00fcnl\u00fc bir ismi a\u011f\u0131rlayacak.<\/p>\n<p> YouTube&#8217;da \u00e7ekti\u011fi futbol g\u00f6r\u00fcnt\u00fcleri ile tan\u0131nan Celine Dept, Manchester City &#8211; Galatasaray ma\u00e7\u0131n\u0131 Etihad Stadyumu&#8217;nda takip edecek.<\/p>\n<p> Celine Dept, Manchester City &#8211; Galatasaray ma\u00e7\u0131 \u00f6ncesi toplumsal medya hesab\u0131ndan bir payla\u015f\u0131m da yapt\u0131.<\/p>\n<p><img decoding=\"async\" src=\"https:\/\/haberbesiktas.tr\/wp-content\/uploads\/2026\/01\/celine-dept-galatasaray-maci-icin-stadyumda-0-jVpVf11f.jpg\"\/><\/p>\n<\/div>\n","protected":false},"excerpt":{"rendered":"<p>YouTube&#8217;da \u00e7ekti\u011fi futbol g\u00f6r\u00fcnt\u00fcleri ile tan\u0131nan Celine Dept, Manchester City &#8211; Galatasaray ma\u00e7\u0131n\u0131 stadyumdan takip edecek.<\/p>\n","protected":false},"author":1,"featured_media":54125,"comment_status":"open","ping_status":"open","sticky":false,"template":"","format":"standard","meta":{"footnotes":""},"categories":[25],"tags":[],"class_list":["post-54124","post","type-post","status-publish","format-standard","has-post-thumbnail","hentry","category-futbol"],"_links":{"self":[{"href":"https:\/\/haberbesiktas.tr\/index.php?rest_route=\/wp\/v2\/posts\/54124","targetHints":{"allow":["GET"]}}],"collection":[{"href":"https:\/\/haberbesiktas.tr\/index.php?rest_route=\/wp\/v2\/posts"}],"about":[{"href":"https:\/\/haberbesiktas.tr\/index.php?rest_route=\/wp\/v2\/types\/post"}],"author":[{"embeddable":true,"href":"https:\/\/haberbesiktas.tr\/index.php?rest_route=\/wp\/v2\/users\/1"}],"replies":[{"embeddable":true,"href":"https:\/\/haberbesiktas.tr\/index.php?rest_route=%2Fwp%2Fv2%2Fcomments&post=54124"}],"version-history":[{"count":1,"href":"https:\/\/haberbesiktas.tr\/index.php?rest_route=\/wp\/v2\/posts\/54124\/revisions"}],"predecessor-version":[{"id":54127,"href":"https:\/\/haberbesiktas.tr\/index.php?rest_route=\/wp\/v2\/posts\/54124\/revisions\/54127"}],"wp:featuredmedia":[{"embeddable":true,"href":"https:\/\/haberbesiktas.tr\/index.php?rest_route=\/wp\/v2\/media\/54125"}],"wp:attachment":[{"href":"https:\/\/haberbesiktas.tr\/index.php?rest_route=%2Fwp%2Fv2%2Fmedia&parent=54124"}],"wp:term":[{"taxonomy":"category","embeddable":true,"href":"https:\/\/haberbesiktas.tr\/index.php?rest_route=%2Fwp%2Fv2%2Fcategories&post=54124"},{"taxonomy":"post_tag","embeddable":true,"href":"https:\/\/haberbesiktas.tr\/index.php?rest_route=%2Fwp%2Fv2%2Ftags&post=54124"}],"curies":[{"name":"wp","href":"https:\/\/api.w.org\/{rel}","templated":true}]}}