{"id":54128,"date":"2026-01-29T00:12:06","date_gmt":"2026-01-29T00:12:06","guid":{"rendered":"https:\/\/haberbesiktas.tr\/?p=54128"},"modified":"2026-01-29T00:12:06","modified_gmt":"2026-01-29T00:12:06","slug":"galatasarayda-torreira-yedek-kaldi","status":"publish","type":"post","link":"https:\/\/haberbesiktas.tr\/?p=54128","title":{"rendered":"Galatasaray&#8217;da Torreira yedek kald\u0131"},"content":{"rendered":"<div>Galatasaray Teknik Y\u00f6neticisi Okan Buruk, \u015eampiyonlar Ligi&#8217;ndeki Manchester City ma\u00e7\u0131nda s\u00fcrprize imza att\u0131.<\/p>\n<p> Okan Buruk, Manchester City deplasman\u0131nda Lucas Torreira&#8217;ya birinci 11&#8217;de forma vermedi.<\/p>\n<p> Galatasaray&#8217;\u0131n orta alan\u0131nda; Mario Lemina, \u0130lkay G\u00fcndo\u011fan ve Gabriel Sara misyon yapacak.<\/p>\n<p> <strong>Manchester City deplasman\u0131nda Galatasaray&#8217;\u0131n birinci 11&#8217;i:<\/p>\n<p><img decoding=\"async\" src=\"https:\/\/haberbesiktas.tr\/wp-content\/uploads\/2026\/01\/galatasarayda-torreira-yedek-kaldi-0-rUySdZSV.jpg\"\/><br \/><\/strong><\/p>\n<\/div>\n","protected":false},"excerpt":{"rendered":"<p>Galatasaray Teknik Y\u00f6neticisi Okan Buruk, Manchester City deplasman\u0131nda Lucas Torreira&#8217;ya birinci 11&#8217;de forma vermedi.<\/p>\n","protected":false},"author":1,"featured_media":54129,"comment_status":"open","ping_status":"open","sticky":false,"template":"","format":"standard","meta":{"footnotes":""},"categories":[25],"tags":[],"class_list":["post-54128","post","type-post","status-publish","format-standard","has-post-thumbnail","hentry","category-futbol"],"_links":{"self":[{"href":"https:\/\/haberbesiktas.tr\/index.php?rest_route=\/wp\/v2\/posts\/54128","targetHints":{"allow":["GET"]}}],"collection":[{"href":"https:\/\/haberbesiktas.tr\/index.php?rest_route=\/wp\/v2\/posts"}],"about":[{"href":"https:\/\/haberbesiktas.tr\/index.php?rest_route=\/wp\/v2\/types\/post"}],"author":[{"embeddable":true,"href":"https:\/\/haberbesiktas.tr\/index.php?rest_route=\/wp\/v2\/users\/1"}],"replies":[{"embeddable":true,"href":"https:\/\/haberbesiktas.tr\/index.php?rest_route=%2Fwp%2Fv2%2Fcomments&post=54128"}],"version-history":[{"count":1,"href":"https:\/\/haberbesiktas.tr\/index.php?rest_route=\/wp\/v2\/posts\/54128\/revisions"}],"predecessor-version":[{"id":54131,"href":"https:\/\/haberbesiktas.tr\/index.php?rest_route=\/wp\/v2\/posts\/54128\/revisions\/54131"}],"wp:featuredmedia":[{"embeddable":true,"href":"https:\/\/haberbesiktas.tr\/index.php?rest_route=\/wp\/v2\/media\/54129"}],"wp:attachment":[{"href":"https:\/\/haberbesiktas.tr\/index.php?rest_route=%2Fwp%2Fv2%2Fmedia&parent=54128"}],"wp:term":[{"taxonomy":"category","embeddable":true,"href":"https:\/\/haberbesiktas.tr\/index.php?rest_route=%2Fwp%2Fv2%2Fcategories&post=54128"},{"taxonomy":"post_tag","embeddable":true,"href":"https:\/\/haberbesiktas.tr\/index.php?rest_route=%2Fwp%2Fv2%2Ftags&post=54128"}],"curies":[{"name":"wp","href":"https:\/\/api.w.org\/{rel}","templated":true}]}}