{"id":54135,"date":"2026-01-29T00:36:06","date_gmt":"2026-01-29T00:36:06","guid":{"rendered":"https:\/\/haberbesiktas.tr\/?p=54135"},"modified":"2026-01-29T00:36:06","modified_gmt":"2026-01-29T00:36:06","slug":"okan-buruk-cesur-olmamiz-gerekiyor","status":"publish","type":"post","link":"https:\/\/haberbesiktas.tr\/?p=54135","title":{"rendered":"Okan Buruk: &#8220;Cesur olmam\u0131z gerekiyor&#8221;"},"content":{"rendered":"<div>\n<div>Galatasaray, UEFA \u015eampiyonlar Ligi&#8217;nin 8. haftas\u0131nda \u0130ngiltere temsilcisi Manchester City&#8217;ye konuk olacak.<\/div>\n<div>\u00a0<\/div>\n<div>Ma\u00e7\u0131n \u00e7abucak akabinde Galatasaray Teknik Y\u00f6neticisi Okan Buruk konu\u015ftu.<\/div>\n<div>\u00a0<\/div>\n<div><strong>\u0130\u015fte Okan Buruk&#8217;un s\u00f6zleri:<\/strong><\/div>\n<div>\u00a0<\/div>\n<div>\n<div>&#8220;Cesur olmam\u0131z gerekiyor. Galatasaray&#8217;\u0131n oyununu alana koymal\u0131y\u0131z. Planlar\u0131m\u0131z var. Oyuncular\u0131ma her vakit oldu\u011fu \u00fczere g\u00fcveniyorum.&#8221;<\/div>\n<\/p><\/div>\n<div>\u00a0<\/div>\n<div>\n<div>&#8220;Ufak tefek a\u011flar\u0131 olan oyuncular\u0131m\u0131z var, Yunus ve Torreira \u00fczere. Oyunun devam\u0131nda kullan\u0131labilecek durumdalar. Onlara da bir parantez a\u00e7mak laz\u0131m. Yunus bu manada sakat olsa bile kadroyla olmaya \u00e7al\u0131\u015f\u0131yor. Bu bizim i\u00e7in \u00e7ok de\u011ferli ve k\u0131ymetli. Torreira&#8217;n\u0131n da ufak bir a\u011fr\u0131s\u0131 oldu. O da bug\u00fcn bizimle olacak. \u00d6b\u00fcr oyuncular\u0131m\u0131z da haz\u0131r bekliyor.&#8221;<\/div>\n<\/p><\/div>\n<div>&#8220;Top bizdeyken ve top rakipteyken planlar\u0131m\u0131z\u0131 uygulamam\u0131z gerekiyor.&#8221;<\/div>\n<\/p><\/div>\n","protected":false},"excerpt":{"rendered":"<p>Galatasaray Teknik Y\u00f6neticisi Okan Buruk, Manchester City ma\u00e7\u0131 \u00f6ncesi konu\u015ftu.<\/p>\n","protected":false},"author":1,"featured_media":54136,"comment_status":"open","ping_status":"open","sticky":false,"template":"","format":"standard","meta":{"footnotes":""},"categories":[25],"tags":[],"class_list":["post-54135","post","type-post","status-publish","format-standard","has-post-thumbnail","hentry","category-futbol"],"_links":{"self":[{"href":"https:\/\/haberbesiktas.tr\/index.php?rest_route=\/wp\/v2\/posts\/54135","targetHints":{"allow":["GET"]}}],"collection":[{"href":"https:\/\/haberbesiktas.tr\/index.php?rest_route=\/wp\/v2\/posts"}],"about":[{"href":"https:\/\/haberbesiktas.tr\/index.php?rest_route=\/wp\/v2\/types\/post"}],"author":[{"embeddable":true,"href":"https:\/\/haberbesiktas.tr\/index.php?rest_route=\/wp\/v2\/users\/1"}],"replies":[{"embeddable":true,"href":"https:\/\/haberbesiktas.tr\/index.php?rest_route=%2Fwp%2Fv2%2Fcomments&post=54135"}],"version-history":[{"count":1,"href":"https:\/\/haberbesiktas.tr\/index.php?rest_route=\/wp\/v2\/posts\/54135\/revisions"}],"predecessor-version":[{"id":54137,"href":"https:\/\/haberbesiktas.tr\/index.php?rest_route=\/wp\/v2\/posts\/54135\/revisions\/54137"}],"wp:featuredmedia":[{"embeddable":true,"href":"https:\/\/haberbesiktas.tr\/index.php?rest_route=\/wp\/v2\/media\/54136"}],"wp:attachment":[{"href":"https:\/\/haberbesiktas.tr\/index.php?rest_route=%2Fwp%2Fv2%2Fmedia&parent=54135"}],"wp:term":[{"taxonomy":"category","embeddable":true,"href":"https:\/\/haberbesiktas.tr\/index.php?rest_route=%2Fwp%2Fv2%2Fcategories&post=54135"},{"taxonomy":"post_tag","embeddable":true,"href":"https:\/\/haberbesiktas.tr\/index.php?rest_route=%2Fwp%2Fv2%2Ftags&post=54135"}],"curies":[{"name":"wp","href":"https:\/\/api.w.org\/{rel}","templated":true}]}}