{"id":54147,"date":"2026-01-29T01:24:06","date_gmt":"2026-01-29T01:24:06","guid":{"rendered":"https:\/\/haberbesiktas.tr\/?p=54147"},"modified":"2026-01-29T01:24:06","modified_gmt":"2026-01-29T01:24:06","slug":"bursaspor-emir-kaani-kadrosuna-katti","status":"publish","type":"post","link":"https:\/\/haberbesiktas.tr\/?p=54147","title":{"rendered":"Bursaspor, Emir Kaan&#8217;\u0131 kadrosuna katt\u0131"},"content":{"rendered":"<div>Trendyol 1. Lig gruplar\u0131ndan \u0130stanbulspor&#8217;da forma giyen kaptan Buyruk Kaan G\u00fcltekin, TFF 2. Lig K\u0131rm\u0131z\u0131 K\u00fcme gruplar\u0131ndan Bursaspor&#8217;a transfer oldu.<\/p>\n<p> Sar\u0131-siyahl\u0131 kul\u00fcb\u00fcn ABD merkezli X \u015firketinin toplumsal medya platformundaki hesab\u0131ndan yap\u0131lan payla\u015f\u0131mda, &#8220;Yolun a\u00e7\u0131k olsun, sar\u0131-siyah\u0131n evlad\u0131. Her \u015fey i\u00e7in te\u015fekk\u00fcrler kaptan!&#8221; s\u00f6z\u00fc kullan\u0131ld\u0131.<\/p>\n<p> Bursaspor ise birebir toplumsal medya platformundan payla\u015ft\u0131\u011f\u0131 g\u00f6r\u00fcnt\u00fcyle Buyruk Kaan G\u00fcltekin transferini duyurdu.<\/p>\n<p> 25 ya\u015f\u0131ndaki santrfor, bu d\u00f6nem \u0130stanbul temsilcisinde ligde 14 ma\u00e7ta 5 gol kaydetti.<\/p>\n<p> \u00d6te yandan \u0130stanbulspor, Trabzonspor altyap\u0131s\u0131nda yeti\u015fen 19 ya\u015f\u0131ndaki sol bek Turan Deniz Tuncer ile 4,5 y\u0131ll\u0131k mukavele imzalad\u0131.<\/p>\n<\/div>\n","protected":false},"excerpt":{"rendered":"<p>Bursaspor, \u0130stanbulspor&#8217;dan Buyruk Kaan G\u00fcltekin&#8217;i tak\u0131m\u0131na katt\u0131.<\/p>\n","protected":false},"author":1,"featured_media":54148,"comment_status":"open","ping_status":"open","sticky":false,"template":"","format":"standard","meta":{"footnotes":""},"categories":[25],"tags":[],"class_list":["post-54147","post","type-post","status-publish","format-standard","has-post-thumbnail","hentry","category-futbol"],"_links":{"self":[{"href":"https:\/\/haberbesiktas.tr\/index.php?rest_route=\/wp\/v2\/posts\/54147","targetHints":{"allow":["GET"]}}],"collection":[{"href":"https:\/\/haberbesiktas.tr\/index.php?rest_route=\/wp\/v2\/posts"}],"about":[{"href":"https:\/\/haberbesiktas.tr\/index.php?rest_route=\/wp\/v2\/types\/post"}],"author":[{"embeddable":true,"href":"https:\/\/haberbesiktas.tr\/index.php?rest_route=\/wp\/v2\/users\/1"}],"replies":[{"embeddable":true,"href":"https:\/\/haberbesiktas.tr\/index.php?rest_route=%2Fwp%2Fv2%2Fcomments&post=54147"}],"version-history":[{"count":1,"href":"https:\/\/haberbesiktas.tr\/index.php?rest_route=\/wp\/v2\/posts\/54147\/revisions"}],"predecessor-version":[{"id":54149,"href":"https:\/\/haberbesiktas.tr\/index.php?rest_route=\/wp\/v2\/posts\/54147\/revisions\/54149"}],"wp:featuredmedia":[{"embeddable":true,"href":"https:\/\/haberbesiktas.tr\/index.php?rest_route=\/wp\/v2\/media\/54148"}],"wp:attachment":[{"href":"https:\/\/haberbesiktas.tr\/index.php?rest_route=%2Fwp%2Fv2%2Fmedia&parent=54147"}],"wp:term":[{"taxonomy":"category","embeddable":true,"href":"https:\/\/haberbesiktas.tr\/index.php?rest_route=%2Fwp%2Fv2%2Fcategories&post=54147"},{"taxonomy":"post_tag","embeddable":true,"href":"https:\/\/haberbesiktas.tr\/index.php?rest_route=%2Fwp%2Fv2%2Ftags&post=54147"}],"curies":[{"name":"wp","href":"https:\/\/api.w.org\/{rel}","templated":true}]}}