{"id":54294,"date":"2026-01-29T12:12:10","date_gmt":"2026-01-29T12:12:10","guid":{"rendered":"https:\/\/haberbesiktas.tr\/?p=54294"},"modified":"2026-01-29T12:12:10","modified_gmt":"2026-01-29T12:12:10","slug":"azerbaycan-temsilcisi-karabag-tarih-yazmaya-devam-ediyor","status":"publish","type":"post","link":"https:\/\/haberbesiktas.tr\/?p=54294","title":{"rendered":"Azerbaycan temsilcisi Karaba\u011f, tarih yazmaya devam ediyor"},"content":{"rendered":"<div>\n<div>\n<div><span>Azerbaycan temsilcisi Karaba\u011f, UEFA \u015eampiyonlar Ligi lig evresinde son 16 play-off \u00e7e\u015fidine y\u00fckselerek kul\u00fcp tarihinde bir prensip daha imza att\u0131.<\/span><\/div>\n<\/p><\/div>\n<div>\n<div> Avrupa futbolunun kul\u00fcpler seviyesindeki en itibarl\u0131 tertibinin birinci haftas\u0131nda Portekiz temsilcisi Benfica&#8217;y\u0131 deplasmanda 3-2 ma\u011flup eden Karaba\u011f, \u015eampiyonlar Ligi tarihindeki birinci galibiyetini ald\u0131. \u0130kinci haftada alan\u0131nda Danimarka grubu Kopenhag&#8217;\u0131 2-0 yenen Azerbaycan temsilcisi, lig kademesine 2&#8217;de 2 galibiyetle ba\u015flad\u0131.<\/p>\n<p> Karaba\u011f, lig basama\u011f\u0131ndaki \u00fc\u00e7\u00fcnc\u00fc galibiyetini ise 7. haftada Eintracht Frankfurt&#8217;u alan\u0131nda 3-2 yenerek elde etti. U\u011fra\u015fta galibiyet gol\u00fc, 90+4. dakikada Behlul Mustafazade&#8217;den geldi.<\/p>\n<p> Son hafta ma\u00e7\u0131nda deplasmanda \u0130ngiliz temsilcisi Liverpool&#8217;a 6-0 ma\u011flup olmas\u0131na kar\u015f\u0131n birinci 24 i\u00e7inde yer alan Karaba\u011f, 8 haftal\u0131k lig etab\u0131n\u0131 10 puanla 22. s\u0131rada tamamlayarak son 16 play-off tipinde u\u011fra\u015f etme hakk\u0131 kazand\u0131. <\/p>\n<p> <strong>ELEMELERDE 6 MA\u00c7TA 5 GAL\u0130B\u0130YET<\/strong><\/p>\n<p> UEFA \u015eampiyonlar Ligi&#8217;nde lig basama\u011f\u0131nda \u00e7aba etmek i\u00e7in 3 eleme tipi ge\u00e7en Karaba\u011f, oynad\u0131\u011f\u0131 6 ma\u00e7\u0131n 5&#8217;ini de kazand\u0131. Bu m\u00fcsabakalarda 15 gol at\u0131p 5 gol yedi.<\/p>\n<p> Tertibin ikinci eleme cinsinde \u0130rlanda&#8217;n\u0131n Shelbourne ekibini birinci ma\u00e7ta deplasmanda 3-0 yenen Azerbaycan temsilcisi, rakibini konutundaki r\u00f6van\u015f gayretinde de 1-0 ma\u011flup ederek bir \u00fcst cinse y\u00fckseldi.<\/p>\n<p> \u00dc\u00e7\u00fcnc\u00fc eleme cinsinde Kuzey Makedonya&#8217;n\u0131n Shkendija tak\u0131m\u0131yla kar\u015f\u0131la\u015fan Karaba\u011f, rakibini deplasmanda 1-0, konutunda de 5-1 ma\u011flup ederek play-off&#8217;a kald\u0131.<\/p>\n<p> Karaba\u011f, play-off tipi birinci ma\u00e7\u0131nda deplasmanda 3-1 ma\u011flup etti\u011fi Macaristan&#8217;\u0131n Ferencvaros ekibine alan\u0131ndaki r\u00f6van\u015fta 3-2 yenilmesine kar\u015f\u0131n UEFA \u015eampiyonlar Ligi&#8217;nde ad\u0131n\u0131 lig etab\u0131na yazd\u0131rma ba\u015far\u0131s\u0131 g\u00f6sterdi.<\/p>\n<p> <strong>AZERBAYCAN&#8217;IN AVRUPA FUTBOLUNDAK\u0130 TEMS\u0130LC\u0130S\u0130<\/strong><\/p>\n<p> UEFA Avrupa Ligi&#8217;nde son 16 kadro ortas\u0131na giren, UEFA Konferans Ligi&#8217;nde de k\u00fcmeden \u00e7\u0131kmay\u0131 ba\u015faran birinci Azerbaycan kadrosu olarak ismini tarihe yazd\u0131ran Karada\u011f, art\u0131k de \u015eampiyonlar Ligi son 16 play-off tipine kalma muvaffakiyetini g\u00f6stererek bir sefer daha tarih yazd\u0131.<\/p>\n<p> Karaba\u011f, tarihinde ikinci sefer UEFA \u015eampiyonlar Ligi&#8217;nde u\u011fra\u015f ediyor.<\/p>\n<p> Daha evvel 2017-2018 sezonunda \u015eampiyonlar Ligi k\u00fcmelerinde yer alan Azerbaycan temsilcisi, 6 ma\u00e7ta 2 beraberlik, 4 yenilgi ya\u015fam\u0131\u015ft\u0131.<\/p>\n<p> <strong>KURBAN KURBANOV ETK\u0130S\u0130<\/strong><\/p>\n<p> Kurban Kurbanov&#8217;un 2008&#8217;de teknik y\u00f6neticilik misyonuna getirilmesiyle Karaba\u011f grubunda yeni bir sayfa a\u00e7\u0131ld\u0131.<\/p>\n<p> Kurbanov idaresinde Azerbaycan liginde 11 \u015fampiyonluk elde eden Karaba\u011f, 6 defa de Azerbaycan Kupas\u0131&#8217;n\u0131 kazand\u0131.<\/p>\n<p> Kurbanov, daha evvel yapt\u0131\u011f\u0131 a\u00e7\u0131klamalarda, Karaba\u011f grubuna T\u00fcrkiye&#8217;den de b\u00fcy\u00fck ilgi oldu\u011funu lisana getirerek, <strong>&#8220;Ben bir Azerbaycanl\u0131 olarak, bir T\u00fcrk o\u011flu olarak T\u00fcrk halk\u0131na te\u015fekk\u00fcr ediyorum. Biz hakikaten karde\u015fiz ve her vakit birbirimizin yan\u0131nda olduk. Hem sevincimizde hem de makus g\u00fcn\u00fcm\u00fczde birlikte olduk. T\u00fcrk halk\u0131na b\u00fcy\u00fck h\u00fcrmetim ve itimad\u0131m var. Bizi kendi gruplar\u0131 olarak g\u00f6r\u00fcyorlar. Deplasmanda \u00e7ok say\u0131da T\u00fcrk taraftar bize dayanak veriyor.&#8221;<\/strong> de\u011ferlendirmesinde bulunmu\u015ftu.<\/p><\/div>\n<\/p><\/div>\n<\/div>\n","protected":false},"excerpt":{"rendered":"<p>Karaba\u011f, \u015eampiyonlar Ligi son 16 play-off cinsine kalarak bir kere daha tarihi bir muvaffakiyete imza att\u0131<\/p>\n","protected":false},"author":1,"featured_media":54295,"comment_status":"open","ping_status":"open","sticky":false,"template":"","format":"standard","meta":{"footnotes":""},"categories":[25],"tags":[3971,3874,51,1304,3972],"class_list":["post-54294","post","type-post","status-publish","format-standard","has-post-thumbnail","hentry","category-futbol","tag-azerbaycan","tag-karabag","tag-lig","tag-sampiyonlar-ligi","tag-temsilcisi"],"_links":{"self":[{"href":"https:\/\/haberbesiktas.tr\/index.php?rest_route=\/wp\/v2\/posts\/54294","targetHints":{"allow":["GET"]}}],"collection":[{"href":"https:\/\/haberbesiktas.tr\/index.php?rest_route=\/wp\/v2\/posts"}],"about":[{"href":"https:\/\/haberbesiktas.tr\/index.php?rest_route=\/wp\/v2\/types\/post"}],"author":[{"embeddable":true,"href":"https:\/\/haberbesiktas.tr\/index.php?rest_route=\/wp\/v2\/users\/1"}],"replies":[{"embeddable":true,"href":"https:\/\/haberbesiktas.tr\/index.php?rest_route=%2Fwp%2Fv2%2Fcomments&post=54294"}],"version-history":[{"count":1,"href":"https:\/\/haberbesiktas.tr\/index.php?rest_route=\/wp\/v2\/posts\/54294\/revisions"}],"predecessor-version":[{"id":54296,"href":"https:\/\/haberbesiktas.tr\/index.php?rest_route=\/wp\/v2\/posts\/54294\/revisions\/54296"}],"wp:featuredmedia":[{"embeddable":true,"href":"https:\/\/haberbesiktas.tr\/index.php?rest_route=\/wp\/v2\/media\/54295"}],"wp:attachment":[{"href":"https:\/\/haberbesiktas.tr\/index.php?rest_route=%2Fwp%2Fv2%2Fmedia&parent=54294"}],"wp:term":[{"taxonomy":"category","embeddable":true,"href":"https:\/\/haberbesiktas.tr\/index.php?rest_route=%2Fwp%2Fv2%2Fcategories&post=54294"},{"taxonomy":"post_tag","embeddable":true,"href":"https:\/\/haberbesiktas.tr\/index.php?rest_route=%2Fwp%2Fv2%2Ftags&post=54294"}],"curies":[{"name":"wp","href":"https:\/\/api.w.org\/{rel}","templated":true}]}}