{"id":54297,"date":"2026-01-29T12:24:05","date_gmt":"2026-01-29T12:24:05","guid":{"rendered":"https:\/\/haberbesiktas.tr\/?p=54297"},"modified":"2026-01-29T12:24:05","modified_gmt":"2026-01-29T12:24:05","slug":"zeren-spordan-kubra-akman-hakkinda-aciklama","status":"publish","type":"post","link":"https:\/\/haberbesiktas.tr\/?p=54297","title":{"rendered":"Zeren Spor&#8217;dan K\u00fcbra Akman hakk\u0131nda a\u00e7\u0131klama"},"content":{"rendered":"<div>\n<div><span>Voleybol Sultanlar Ligi gruplar\u0131ndan Zeren Spor, Aras Kargo ile yapt\u0131\u011f\u0131 ma\u00e7ta sakatlanan orta oyuncusu K\u00fcbra Akman&#8217;\u0131n s\u0131hhat durumu hakk\u0131nda bilgilendirmede bulundu.<\/span><\/div>\n<\/p><\/div>\n<div>\n<div> Ba\u015f\u015fehir kul\u00fcb\u00fcnden yap\u0131lan a\u00e7\u0131klamada, <strong>&#8220;Sporcumuz K\u00fcbra Akman, 24 Ocak tarihinde oynanan Aras Kargo kar\u015f\u0131la\u015fmas\u0131nda ayak bile\u011finden sakatlanm\u0131\u015ft\u0131r. Ma\u00e7 sonras\u0131 yap\u0131lan birinci de\u011ferlendirmelerde kemik yap\u0131s\u0131nda olumsuz bir bulguya rastlanmam\u0131\u015f olup, Ankara&#8217;da s\u00fcrd\u00fcr\u00fclen denetimler kapsam\u0131nda \u00e7ekilen MR g\u00f6r\u00fcnt\u00fclemesi sonucunda, \u00f6n talofibular ba\u011fda tam y\u0131rt\u0131k, deltoid ve kalkaneofibular ba\u011flarda ise k\u0131smi y\u0131rt\u0131k tespit edilmi\u015ftir.&#8221;<\/strong> s\u00f6zleri kullan\u0131ld\u0131.<\/p>\n<p> A\u00e7\u0131klamada, 31 ya\u015f\u0131ndaki oyuncu i\u00e7in 3-4 haftal\u0131k rehabilitasyon s\u00fcrecinin \u00f6ng\u00f6r\u00fcld\u00fc\u011f\u00fc kaydedildi.<\/p><\/div>\n<\/p><\/div>\n","protected":false},"excerpt":{"rendered":"<p>Zeren Spor Bayan Voleybol Ekibi&#8217;nden K\u00fcbra Akman&#8217;\u0131n s\u0131hhat durumu hakk\u0131nda bilgilendirme yap\u0131ld\u0131<\/p>\n","protected":false},"author":1,"featured_media":54298,"comment_status":"open","ping_status":"open","sticky":false,"template":"","format":"standard","meta":{"footnotes":""},"categories":[39],"tags":[],"class_list":["post-54297","post","type-post","status-publish","format-standard","has-post-thumbnail","hentry","category-voleybol"],"_links":{"self":[{"href":"https:\/\/haberbesiktas.tr\/index.php?rest_route=\/wp\/v2\/posts\/54297","targetHints":{"allow":["GET"]}}],"collection":[{"href":"https:\/\/haberbesiktas.tr\/index.php?rest_route=\/wp\/v2\/posts"}],"about":[{"href":"https:\/\/haberbesiktas.tr\/index.php?rest_route=\/wp\/v2\/types\/post"}],"author":[{"embeddable":true,"href":"https:\/\/haberbesiktas.tr\/index.php?rest_route=\/wp\/v2\/users\/1"}],"replies":[{"embeddable":true,"href":"https:\/\/haberbesiktas.tr\/index.php?rest_route=%2Fwp%2Fv2%2Fcomments&post=54297"}],"version-history":[{"count":1,"href":"https:\/\/haberbesiktas.tr\/index.php?rest_route=\/wp\/v2\/posts\/54297\/revisions"}],"predecessor-version":[{"id":54299,"href":"https:\/\/haberbesiktas.tr\/index.php?rest_route=\/wp\/v2\/posts\/54297\/revisions\/54299"}],"wp:featuredmedia":[{"embeddable":true,"href":"https:\/\/haberbesiktas.tr\/index.php?rest_route=\/wp\/v2\/media\/54298"}],"wp:attachment":[{"href":"https:\/\/haberbesiktas.tr\/index.php?rest_route=%2Fwp%2Fv2%2Fmedia&parent=54297"}],"wp:term":[{"taxonomy":"category","embeddable":true,"href":"https:\/\/haberbesiktas.tr\/index.php?rest_route=%2Fwp%2Fv2%2Fcategories&post=54297"},{"taxonomy":"post_tag","embeddable":true,"href":"https:\/\/haberbesiktas.tr\/index.php?rest_route=%2Fwp%2Fv2%2Ftags&post=54297"}],"curies":[{"name":"wp","href":"https:\/\/api.w.org\/{rel}","templated":true}]}}