{"id":54351,"date":"2026-01-29T16:00:06","date_gmt":"2026-01-29T16:00:06","guid":{"rendered":"https:\/\/haberbesiktas.tr\/?p=54351"},"modified":"2026-01-29T16:00:06","modified_gmt":"2026-01-29T16:00:06","slug":"tatum-bu-sezon-oynayip-oynamayacagindan-emin-degil","status":"publish","type":"post","link":"https:\/\/haberbesiktas.tr\/?p=54351","title":{"rendered":"Tatum, bu sezon oynay\u0131p oynamayaca\u011f\u0131ndan emin de\u011fil"},"content":{"rendered":"<div>Boston Celtics&#8217;in y\u0131ld\u0131z\u0131 Jayson Tatum, New York Knicks&#8217;e kar\u015f\u0131 oynanan Do\u011fu Konferans\u0131 yar\u0131 final serisinde May\u0131s ay\u0131nda sa\u011f A\u015fil tendonunu koparmas\u0131n\u0131n akabinde bu d\u00f6nem alanlara d\u00f6n\u00fcp d\u00f6nemeyece\u011finden emin olmad\u0131\u011f\u0131n\u0131 s\u00f6yledi.<\/p>\n<p> Tatum, ESPN&#8217;den Ramona Shelburne&#8217;e yapt\u0131\u011f\u0131 a\u00e7\u0131klamada,<strong> &#8220;\u0130lk seferde hakikat bi\u00e7imde g\u00fczelle\u015fmesini istiyorum, bu y\u00fczden d\u00fc\u015f\u00fcn\u00fclmesi gereken \u00e7ok fazla \u015fey var,&#8221;<\/strong> tabirlerini kulland\u0131.<\/p>\n<p> Alt\u0131 sefer All-Star se\u00e7ilen y\u0131ld\u0131z oyuncu, ge\u00e7ti\u011fimiz hafta Detroit&#8217;te bas\u0131n mensuplar\u0131n\u0131n \u00f6n\u00fcnde bir idman yapm\u0131\u015f ve bu durum 2025-26 d\u00f6nemi i\u00e7inde geri d\u00f6nebilece\u011fine dair spek\u00fclasyonlar\u0131 art\u0131rm\u0131\u015ft\u0131. <\/p>\n<p> Celtics tertibi \u015fimdi Tatum&#8217;un sakatl\u0131\u011f\u0131na ait net bir takvim a\u00e7\u0131klamazken, y\u0131ld\u0131z oyuncu d\u00f6nem ba\u015f\u0131nda d\u00f6n\u00fc\u015f ihtimalini b\u00fcsb\u00fct\u00fcn reddetmedi\u011fini belirtmi\u015fti.<br \/><strong>&#8220;Bu d\u00f6nem oynamayaca\u011f\u0131m\u0131 s\u00f6ylemedim,&#8221;<\/strong> diyen Tatum, Eyl\u00fcl ay\u0131nda yapt\u0131\u011f\u0131 a\u00e7\u0131klamada, <strong>&#8220;Ama haftada alt\u0131 g\u00fcn rehabilitasyona bo\u015funa gitmiyorum,&#8221;<\/strong> tabirlerini kullanm\u0131\u015ft\u0131.<\/p>\n<p> Tatum&#8217;un yoklu\u011funda Boston Celtics, 29 galibiyet \u2013 18 yenilgilik dereceyle Do\u011fu Konferans\u0131&#8217;nda New York Knicks ile birlikte ikinci s\u0131ray\u0131 payla\u015f\u0131yor ve ba\u015fkan Detroit Pistons&#8217;\u0131n alt\u0131 galibiyet gerisinde bulunuyor.<\/p>\n<p> Jaylen Brown, Tatum&#8217;un yoklu\u011funda Boston&#8217;\u0131n bir numaral\u0131 hamle opsiyonu haline gelirken, mesle\u011finin en y\u00fcksek ortalamas\u0131 olan ma\u00e7 ba\u015f\u0131na 29,2 say\u0131ya ula\u015ft\u0131. Brown, 2026 NBA All-Star Ma\u00e7\u0131&#8217;na birinci be\u015f oyuncusu olarak se\u00e7ilerek mesle\u011findeki be\u015finci All-Star davetini ald\u0131.<\/p>\n<\/div>\n","protected":false},"excerpt":{"rendered":"<p>Boston Celtics&#8217;in y\u0131ld\u0131z\u0131 Jayson Tatum, New York Knicks&#8217;e kar\u015f\u0131 oynanan Do\u011fu Konferans\u0131 yar\u0131 final serisinde May\u0131s ay\u0131nda sa\u011f A\u015fil tendonunu koparmas\u0131n\u0131n akabinde bu d\u00f6nem alanlara d\u00f6n\u00fcp d\u00f6nemeyece\u011finden emin olmad\u0131\u011f\u0131n\u0131 s\u00f6yledi.<\/p>\n","protected":false},"author":1,"featured_media":54352,"comment_status":"open","ping_status":"open","sticky":false,"template":"","format":"standard","meta":{"footnotes":""},"categories":[10],"tags":[],"class_list":["post-54351","post","type-post","status-publish","format-standard","has-post-thumbnail","hentry","category-basketbol"],"_links":{"self":[{"href":"https:\/\/haberbesiktas.tr\/index.php?rest_route=\/wp\/v2\/posts\/54351","targetHints":{"allow":["GET"]}}],"collection":[{"href":"https:\/\/haberbesiktas.tr\/index.php?rest_route=\/wp\/v2\/posts"}],"about":[{"href":"https:\/\/haberbesiktas.tr\/index.php?rest_route=\/wp\/v2\/types\/post"}],"author":[{"embeddable":true,"href":"https:\/\/haberbesiktas.tr\/index.php?rest_route=\/wp\/v2\/users\/1"}],"replies":[{"embeddable":true,"href":"https:\/\/haberbesiktas.tr\/index.php?rest_route=%2Fwp%2Fv2%2Fcomments&post=54351"}],"version-history":[{"count":1,"href":"https:\/\/haberbesiktas.tr\/index.php?rest_route=\/wp\/v2\/posts\/54351\/revisions"}],"predecessor-version":[{"id":54353,"href":"https:\/\/haberbesiktas.tr\/index.php?rest_route=\/wp\/v2\/posts\/54351\/revisions\/54353"}],"wp:featuredmedia":[{"embeddable":true,"href":"https:\/\/haberbesiktas.tr\/index.php?rest_route=\/wp\/v2\/media\/54352"}],"wp:attachment":[{"href":"https:\/\/haberbesiktas.tr\/index.php?rest_route=%2Fwp%2Fv2%2Fmedia&parent=54351"}],"wp:term":[{"taxonomy":"category","embeddable":true,"href":"https:\/\/haberbesiktas.tr\/index.php?rest_route=%2Fwp%2Fv2%2Fcategories&post=54351"},{"taxonomy":"post_tag","embeddable":true,"href":"https:\/\/haberbesiktas.tr\/index.php?rest_route=%2Fwp%2Fv2%2Ftags&post=54351"}],"curies":[{"name":"wp","href":"https:\/\/api.w.org\/{rel}","templated":true}]}}