{"id":5437,"date":"2025-01-22T07:11:57","date_gmt":"2025-01-22T07:11:57","guid":{"rendered":"https:\/\/haberbesiktas.tr\/?p=5437"},"modified":"2025-01-22T07:11:57","modified_gmt":"2025-01-22T07:11:57","slug":"super-ligden-6-kulup-ve-metin-ozturk-pfdkye-sevk-edildi","status":"publish","type":"post","link":"https:\/\/haberbesiktas.tr\/?p=5437","title":{"rendered":"S\u00fcper Lig&#8217;den 6 kul\u00fcp ve Metin \u00d6zt\u00fcrk, PFDK&#8217;ye sevk edildi"},"content":{"rendered":"<div>T\u00fcrkiye Futbol Federasyonu (TFF) Hukuk M\u00fc\u015favirli\u011fi, \u00dcst\u00fcn Lig&#8217;den 6 kul\u00fcb\u00fc Profesyonel Futbol Disiplin \u015euras\u0131na (PFDK) sevk etti.<\/p>\n<p> TFF&#8217;nin sitesinde yer alan a\u00e7\u0131klamaya nazaran Galatasaray, Fenerbah\u00e7e, RAMS Ba\u015fak\u015fehir, T\u00dcMOSAN Konyaspor, Bellona Kayserispor ve Adana Demirspor \u00e7e\u015fitli nedenlerle disipline g\u00f6nderildi.<\/p>\n<p> Hukuk m\u00fc\u015favirli\u011fi ayr\u0131ca Galatasaray Kul\u00fcb\u00fc \u0130kinci Lideri Metin \u00d6zt\u00fcrk&#8217;\u00fc de sportmenli\u011fe muhalif a\u00e7\u0131klamalar\u0131 nedeniyle \u00f6nlemsiz olarak PFDK&#8217;ye sevk etti.<\/p>\n<p><strong>\u0130\u015eTE TFF&#8217;DEN YAPILAN A\u00c7IKLAMA;<\/strong><\/p>\n<p> Hukuk M\u00fc\u015favirli\u011fi&#8217;nce 14.01.2025 tarihinde Profesyonel Futbol Disiplin Heyeti&#8217;ne yap\u0131lan sevk raporlar\u0131 a\u015fa\u011f\u0131da belirtilmi\u015ftir.<\/p>\n<p> <strong>1- BELLONA KAYSER\u0130SPOR<\/strong>\u00a0Kul\u00fcb\u00fc&#8217;n\u00fcn 11.01.2025 tarihinde oynanan BELLONA KAYSER\u0130SPOR-REEDER SAMSUNSPOR Trendyol S\u00fcper Lig \u015eamil Ekinci D\u00f6nemi kar\u015f\u0131la\u015fmas\u0131ndaki &#8220;<strong>\u00e7irkin ve mak\u00fbs tezah\u00fcrat\u0131&#8221;<\/strong>\u00a0nedeniyle Futbol Disiplin Talimat\u0131&#8217;n\u0131n 53. hususu uyar\u0131nca PFDK&#8217;ya sevkine karar verilmi\u015ftir.<\/p>\n<p> <strong>2- ADANA DEM\u0130RSPOR A.\u015e.<\/strong>\u00a0Kul\u00fcb\u00fc&#8217;n\u00fcn 12.01.2025 tarihinde oynanan GAZ\u0130ANTEP FUTBOL KUL\u00dcB\u00dc A.\u015e.-ADANA DEM\u0130RSPOR A.\u015e. Trendyol S\u00fcper Lig \u015eamil Ekinci D\u00f6nemi kar\u015f\u0131la\u015fmas\u0131ndaki &#8220;<strong>saha olaylar\u0131&#8221;<\/strong>\u00a0nedeniyle Futbol Disiplin Talimat\u0131&#8217;n\u0131n 52. hususu uyar\u0131nca PFDK&#8217;ya sevkine karar verilmi\u015ftir.<\/p>\n<p> <strong>3- RAMS BA\u015eAK\u015eEH\u0130R FUTBOL KUL\u00dcB\u00dc<\/strong>&#8216;n\u00fcn 12.01.2025 tarihinde oynanan RAMS BA\u015eAK\u015eEH\u0130R FUTBOL KUL\u00dcB\u00dc-GALATASARAY A.\u015e. Trendyol S\u00fcper Lig \u015eamil Ekinci D\u00f6nemi kar\u015f\u0131la\u015fmas\u0131ndaki &#8220;<strong>talimatlara kar\u015f\u0131t hareketi&#8221;<\/strong>\u00a0nedeniyle Futbol Disiplin Talimat\u0131&#8217;n\u0131n 46. unsuru ile Sportif Ekipman Talimat\u0131&#8217;n\u0131n 22\/1 unsuru uyar\u0131nca PFDK&#8217;ya sevkine karar verilmi\u015ftir.<\/p>\n<p> <strong>4- GALATASARAY A.\u015e.\u00a0<\/strong>Kul\u00fcb\u00fc&#8217;n\u00fcn 12.01.2025 tarihinde oynanan RAMS BA\u015eAK\u015eEH\u0130R FUTBOL KUL\u00dcB\u00dc-GALATASARAY A.\u015e. Trendyol S\u00fcper Lig \u015eamil Ekinci D\u00f6nemi kar\u015f\u0131la\u015fmas\u0131ndaki &#8220;<strong>\u00e7irkin ve makus tezah\u00fcrat\u0131&#8221;<\/strong>\u00a0nedeniyle Futbol Disiplin Talimat\u0131&#8217;n\u0131n 53. unsuru uyar\u0131nca PFDK&#8217;ya sevkine,<\/p>\n<p> <strong>GALATASARAY A.\u015e.\u00a0<\/strong>Kul\u00fcb\u00fc idarecisi\u00a0<strong>MET\u0130N \u00d6ZT\u00dcRK<\/strong>&#8216;\u00fcn kar\u015f\u0131la\u015fma sonras\u0131 medyada yapm\u0131\u015f oldu\u011fu beyanlar\u0131nda yer alan<strong>\u00a0&#8220;sportmenli\u011fe muhalif a\u00e7\u0131klamalar\u0131&#8221;<\/strong>\u00a0nedeniyle Futbol Disiplin Talimat\u0131&#8217;n\u0131n 38. hususu uyar\u0131nca \u00f6nlemsiz olarak PFDK&#8217;ya sevkine karar verilmi\u015ftir.<\/p>\n<p> <strong>5- T\u00dcMOSAN KONYASPOR<\/strong>\u00a0Kul\u00fcb\u00fc&#8217;n\u00fcn 13.01.2025 tarihinde oynanan T\u00dcMOSAN KONYASPOR-FENERBAH\u00c7E A.\u015e. Trendyol S\u00fcper Lig \u015eamil Ekinci D\u00f6nemi kar\u015f\u0131la\u015fmas\u0131ndaki &#8220;<strong>\u00e7irkin ve berbat tezah\u00fcrat\u0131&#8221;<\/strong>\u00a0nedeniyle Futbol Disiplin Talimat\u0131&#8217;n\u0131n 53. hususu uyar\u0131nca ve &#8220;<strong>saha olaylar\u0131&#8221;<\/strong>\u00a0nedeniyle Futbol Disiplin Talimat\u0131&#8217;n\u0131n 52. unsuru uyar\u0131nca PFDK&#8217;ya sevkine karar verilmi\u015ftir.<\/p>\n<p> <strong>6- FENERBAH\u00c7E A.\u015e.<\/strong>\u00a0Kul\u00fcb\u00fc&#8217;n\u00fcn 13.01.2025 tarihinde oynanan T\u00dcMOSAN KONYASPOR-FENERBAH\u00c7E A.\u015e. Trendyol S\u00fcper Lig \u015eamil Ekinci D\u00f6nemi kar\u015f\u0131la\u015fmas\u0131ndaki &#8220;<strong>\u00e7irkin ve berbat tezah\u00fcrat\u0131&#8221;<\/strong>\u00a0nedeniyle Futbol Disiplin Talimat\u0131&#8217;n\u0131n 53. unsuru uyar\u0131nca, &#8220;<strong>saha olaylar\u0131&#8221;<\/strong>\u00a0nedeniyle Futbol Disiplin Talimat\u0131&#8217;n\u0131n 52. hususu uyar\u0131nca ve kul\u00fcp resmi toplumsal medya hesab\u0131ndan (X) 12.01.2025 tarihinde yay\u0131nlanan a\u00e7\u0131klamada yer alan &#8220;<strong>sportmenli\u011fe al\u0131\u015f\u0131lmam\u0131\u015f a\u00e7\u0131klamalar\u0131&#8221;<\/strong>\u00a0nedeniyle Futbol Disiplin Talimat\u0131&#8217;n\u0131n 38. hususu uyar\u0131nca PFDK&#8217;ya sevkine karar verilmi\u015ftir.<\/p>\n<p> <strong>7- TEKS\u00dcT BANDIRMA SPOR<\/strong>\u00a0Kul\u00fcb\u00fc teknik sorumlusu\u00a0<strong>MUSTAFA G\u00dcRSEL<\/strong>&#8216;in 10.01.2025 tarihinde oynanan S\u0130LTA\u015e YAPI PEND\u0130KSPOR FUTBOL A.\u015e.-TEKS\u00dcT BANDIRMA SPOR Trendyol 1. Lig kar\u015f\u0131la\u015fmas\u0131ndaki &#8220;<strong>hakareti&#8221;<\/strong>\u00a0nedeniyle Futbol Disiplin Talimat\u0131&#8217;n\u0131n 41. unsuru uyar\u0131nca 11.01.2025 tarihinden itibaren \u00f6nlemli olarak PFDK&#8217;ya sevkine karar verilmi\u015ftir.<\/p>\n<p> <strong>8- AMED SPORT\u0130F FAAL\u0130YETLER<\/strong>\u00a0Kul\u00fcb\u00fc&#8217;n\u00fcn 12.01.2025 tarihinde oynanan AMED SPORT\u0130F FAAL\u0130YETLER-MKE ANKARAG\u00dcC\u00dc Trendyol 1. Lig kar\u015f\u0131la\u015fmas\u0131ndaki &#8220;<strong>\u00e7irkin ve berbat tezah\u00fcrat\u0131&#8221;<\/strong>\u00a0nedeniyle Futbol Disiplin Talimat\u0131&#8217;n\u0131n 53. unsuru uyar\u0131nca ve &#8220;<strong>saha olaylar\u0131&#8221;<\/strong>\u00a0nedeniyle Futbol Disiplin Talimat\u0131&#8217;n\u0131n 52. unsuru uyar\u0131nca PFDK&#8217;ya sevkine karar verilmi\u015ftir.<\/p>\n<p> <strong>9- YEN\u0130 MALATYASPOR<\/strong>\u00a0Kul\u00fcb\u00fc futbolcusu\u00a0<strong>ENES SAVUCU<\/strong>&#8216;nun 12.01.2025 tarihinde oynanan GEN\u00c7LERB\u0130RL\u0130\u011e\u0130-YEN\u0130 MALATYASPOR Trendyol 1. Lig kar\u015f\u0131la\u015fmas\u0131ndaki &#8220;<strong>kural d\u0131\u015f\u0131 hareketi&#8221;<\/strong>\u00a0nedeniyle Futbol Disiplin Talimat\u0131&#8217;n\u0131n 43. hususu uyar\u0131nca 13.01.2025 tarihinden itibaren \u00f6nlemli olarak PFDK&#8217;ya sevkine,<\/p>\n<p> <strong>YEN\u0130 MALATYASPOR<\/strong>\u00a0Kul\u00fcb\u00fc futbolcusu\u00a0<strong>Y\u0130\u011e\u0130T ULA\u015e<\/strong>&#8216;\u0131n t\u0131pk\u0131 kar\u015f\u0131la\u015fmadaki &#8220;<strong>kural d\u0131\u015f\u0131 hareketi&#8221;<\/strong>\u00a0nedeniyle Futbol Disiplin Talimat\u0131&#8217;n\u0131n 43. unsuru uyar\u0131nca 13.01.2025 tarihinden itibaren \u00f6nlemli olarak PFDK&#8217;ya sevkine karar verilmi\u015ftir.<\/p>\n<p> <strong>10- AHLATCI \u00c7ORUM FK<\/strong>\u00a0Kul\u00fcb\u00fc&#8217;n\u00fcn 13.01.2025 tarihinde oynanan AHLATCI \u00c7ORUM FK-U\u011eUR OKULLARI \u0130STANBULSPOR Trendyol 1. Lig kar\u015f\u0131la\u015fmas\u0131ndaki &#8220;<strong>\u00e7irkin ve makus tezah\u00fcrat\u0131&#8221;<\/strong>\u00a0nedeniyle Futbol Disiplin Talimat\u0131&#8217;n\u0131n 53. unsuru uyar\u0131nca PFDK&#8217;ya sevkine,<\/p>\n<p> <strong>AHLATCI \u00c7ORUM FK<\/strong>\u00a0Kul\u00fcb\u00fc&#8217;n\u00fcn antren\u00f6r\u00fc\u00a0<strong>Z\u0130YA AK\u00c7EKEN<\/strong>&#8216;in birebir kar\u015f\u0131la\u015fmadaki &#8220;<strong>hakareti&#8221;<\/strong>\u00a0nedeniyle Futbol Disiplin Talimat\u0131&#8217;n\u0131n 41. unsuru uyar\u0131nca 14.01.2025 tarihinden itibaren \u00f6nlemli olarak PFDK&#8217;ya sevkine,<\/p>\n<p> <strong>AHLATCI \u00c7ORUM FK<\/strong>\u00a0Kul\u00fcb\u00fc&#8217;n\u00fcn kaleci antren\u00f6r\u00fc\u00a0<strong>TEMEL DOMA\u00c7O\u011eLU<\/strong>&#8216;nun t\u0131pk\u0131 kar\u015f\u0131la\u015fmadaki &#8220;<strong>sportmenli\u011fe al\u0131\u015f\u0131lmam\u0131\u015f hareketi&#8221;<\/strong>\u00a0nedeniyle Futbol Disiplin Talimat\u0131&#8217;n\u0131n 36. hususu uyar\u0131nca 14.01.2025 tarihinden itibaren \u00f6nlemli olarak PFDK&#8217;ya sevkine karar verilmi\u015ftir.<\/p>\n<\/div>\n","protected":false},"excerpt":{"rendered":"<p>TFF Hukuk M\u00fc\u015favirli\u011fi, Harika Lig&#8217;den 6 kul\u00fcp ve Galatasaray Kul\u00fcb\u00fc \u0130kinci Lideri Metin \u00d6zt\u00fcrk&#8217;\u00fc Profesyonel Futbol Disiplin \u015euras\u0131na (PFDK) sevk etti.<\/p>\n","protected":false},"author":1,"featured_media":5438,"comment_status":"open","ping_status":"open","sticky":false,"template":"","format":"standard","meta":{"footnotes":""},"categories":[25],"tags":[172,129,748,749,65],"class_list":["post-5437","post","type-post","status-publish","format-standard","has-post-thumbnail","hentry","category-futbol","tag-futbol","tag-galatasaray","tag-musabaka","tag-sevk","tag-spor"],"_links":{"self":[{"href":"https:\/\/haberbesiktas.tr\/index.php?rest_route=\/wp\/v2\/posts\/5437","targetHints":{"allow":["GET"]}}],"collection":[{"href":"https:\/\/haberbesiktas.tr\/index.php?rest_route=\/wp\/v2\/posts"}],"about":[{"href":"https:\/\/haberbesiktas.tr\/index.php?rest_route=\/wp\/v2\/types\/post"}],"author":[{"embeddable":true,"href":"https:\/\/haberbesiktas.tr\/index.php?rest_route=\/wp\/v2\/users\/1"}],"replies":[{"embeddable":true,"href":"https:\/\/haberbesiktas.tr\/index.php?rest_route=%2Fwp%2Fv2%2Fcomments&post=5437"}],"version-history":[{"count":1,"href":"https:\/\/haberbesiktas.tr\/index.php?rest_route=\/wp\/v2\/posts\/5437\/revisions"}],"predecessor-version":[{"id":5439,"href":"https:\/\/haberbesiktas.tr\/index.php?rest_route=\/wp\/v2\/posts\/5437\/revisions\/5439"}],"wp:featuredmedia":[{"embeddable":true,"href":"https:\/\/haberbesiktas.tr\/index.php?rest_route=\/wp\/v2\/media\/5438"}],"wp:attachment":[{"href":"https:\/\/haberbesiktas.tr\/index.php?rest_route=%2Fwp%2Fv2%2Fmedia&parent=5437"}],"wp:term":[{"taxonomy":"category","embeddable":true,"href":"https:\/\/haberbesiktas.tr\/index.php?rest_route=%2Fwp%2Fv2%2Fcategories&post=5437"},{"taxonomy":"post_tag","embeddable":true,"href":"https:\/\/haberbesiktas.tr\/index.php?rest_route=%2Fwp%2Fv2%2Ftags&post=5437"}],"curies":[{"name":"wp","href":"https:\/\/api.w.org\/{rel}","templated":true}]}}