{"id":5440,"date":"2025-01-22T07:23:57","date_gmt":"2025-01-22T07:23:57","guid":{"rendered":"https:\/\/haberbesiktas.tr\/?p=5440"},"modified":"2025-01-22T07:23:57","modified_gmt":"2025-01-22T07:23:57","slug":"anadolu-efesin-yuzu-fransada-da-gulmedi","status":"publish","type":"post","link":"https:\/\/haberbesiktas.tr\/?p=5440","title":{"rendered":"Anadolu Efes&#8217;in y\u00fcz\u00fc, Fransa&#8217;da da g\u00fclmedi"},"content":{"rendered":"<div>Anadolu Efes, Euroleague&#8217;in 21. haftas\u0131nda Fransa&#8217;n\u0131n Paris Basketbol tak\u0131m\u0131na konuk oldu.\u00a0<\/p>\n<p><span>Adidas Arena&#8217;da oynanan \u00e7abay\u0131 Paris Basketbol 88-84 kazand\u0131.\u00a0<\/p>\n<p>Anadolu Efes, bu sonu\u00e7la birlikte Euroleague&#8217;de \u00fcst \u00fcste 4. ma\u00e7\u0131n\u0131 kaybetti.\u00a0<\/p>\n<p><\/span><strong>DETAYLAR B\u0130RAZDAN&#8230;.<\/strong><\/div>\n","protected":false},"excerpt":{"rendered":"<p>Anadolu Efes, Euroleague&#8217;in 21. haftas\u0131nda Fransa&#8217;n\u0131n Paris Basketbol tak\u0131m\u0131na deplasmanda 88-84 ma\u011flup oldu.<\/p>\n","protected":false},"author":1,"featured_media":5441,"comment_status":"open","ping_status":"open","sticky":false,"template":"","format":"standard","meta":{"footnotes":""},"categories":[10],"tags":[],"class_list":["post-5440","post","type-post","status-publish","format-standard","has-post-thumbnail","hentry","category-basketbol"],"_links":{"self":[{"href":"https:\/\/haberbesiktas.tr\/index.php?rest_route=\/wp\/v2\/posts\/5440","targetHints":{"allow":["GET"]}}],"collection":[{"href":"https:\/\/haberbesiktas.tr\/index.php?rest_route=\/wp\/v2\/posts"}],"about":[{"href":"https:\/\/haberbesiktas.tr\/index.php?rest_route=\/wp\/v2\/types\/post"}],"author":[{"embeddable":true,"href":"https:\/\/haberbesiktas.tr\/index.php?rest_route=\/wp\/v2\/users\/1"}],"replies":[{"embeddable":true,"href":"https:\/\/haberbesiktas.tr\/index.php?rest_route=%2Fwp%2Fv2%2Fcomments&post=5440"}],"version-history":[{"count":1,"href":"https:\/\/haberbesiktas.tr\/index.php?rest_route=\/wp\/v2\/posts\/5440\/revisions"}],"predecessor-version":[{"id":5442,"href":"https:\/\/haberbesiktas.tr\/index.php?rest_route=\/wp\/v2\/posts\/5440\/revisions\/5442"}],"wp:featuredmedia":[{"embeddable":true,"href":"https:\/\/haberbesiktas.tr\/index.php?rest_route=\/wp\/v2\/media\/5441"}],"wp:attachment":[{"href":"https:\/\/haberbesiktas.tr\/index.php?rest_route=%2Fwp%2Fv2%2Fmedia&parent=5440"}],"wp:term":[{"taxonomy":"category","embeddable":true,"href":"https:\/\/haberbesiktas.tr\/index.php?rest_route=%2Fwp%2Fv2%2Fcategories&post=5440"},{"taxonomy":"post_tag","embeddable":true,"href":"https:\/\/haberbesiktas.tr\/index.php?rest_route=%2Fwp%2Fv2%2Ftags&post=5440"}],"curies":[{"name":"wp","href":"https:\/\/api.w.org\/{rel}","templated":true}]}}