{"id":54453,"date":"2026-01-29T22:48:05","date_gmt":"2026-01-29T22:48:05","guid":{"rendered":"https:\/\/haberbesiktas.tr\/?p=54453"},"modified":"2026-01-29T22:48:05","modified_gmt":"2026-01-29T22:48:05","slug":"abdli-malachi-flynne-turk-vatandasligi","status":"publish","type":"post","link":"https:\/\/haberbesiktas.tr\/?p=54453","title":{"rendered":"ABD&#8217;li Malachi Flynn&#8217;e T\u00fcrk vatanda\u015fl\u0131\u011f\u0131"},"content":{"rendered":"<div>\n<div>Bah\u00e7e\u015fehir Koleji Basketbol Kadrosu&#8217;nun formas\u0131n\u0131 giyen ABD&#8217;li oyuncu Malachi Flynn&#8217;e T\u00fcrk vatanda\u015fl\u0131\u011f\u0131 verildi.<\/div>\n<div>\u00a0<\/div>\n<div>Oyun kurucu durumunda forma giyen 27 ya\u015f\u0131ndaki basketbolcunun T\u00fcrk vatanda\u015fl\u0131\u011f\u0131na ge\u00e7i\u015f s\u00fcre\u00e7leri tamamland\u0131.<\/div>\n<div>\u00a0<\/div>\n<div>Bah\u00e7e\u015fehir Koleji&#8217;nin ABD merkezli X toplumsal medya platformundan yap\u0131lan payla\u015f\u0131mda, &#8220;Y\u0131ld\u0131z oyuncumuz Malachi Flynn art\u0131k T\u00fcrk vatanda\u015f\u0131.&#8221; s\u00f6z\u00fc kullan\u0131ld\u0131.<\/div>\n<div>\u00a0<\/div>\n<div>Malachi Flynn&#8217;in A Ulusal Erkek Basketbol Kadrosu&#8217;nda dev\u015firme oyuncu olarak tercih edilmesi bekleniyor.<\/div>\n<div>\u00a0<\/div>\n<div>Kariyerinde NBA tak\u0131mlar\u0131 Toronto Raptors, New York Knicks ve Detroit Pistons&#8217;\u0131n formalar\u0131n\u0131 giyen Flynn, bu d\u00f6nem ba\u015f\u0131nda Bah\u00e7e\u015fehir Koleji&#8217;nin tak\u0131m\u0131na dahil edilmi\u015fti. <\/p>\n<blockquote class=\"twitter-tweet\" data-width=\"500\" data-dnt=\"true\">\n<p lang=\"tr\" dir=\"ltr\">\ud83c\uddf9\ud83c\uddf7 Ba\u015fak\u015fehir Koleji&#39;nin oyun kurucusu Malachi Flynn, T\u00fcrk vatanda\u015f\u0131 oldu.<a href=\"https:\/\/t.co\/TRZHl620It\" rel=\"nofollow\">pic.twitter.com\/TRZHl620It<\/a><\/p>\n<p>&mdash; Sporx (@sporx) <a href=\"https:\/\/twitter.com\/sporx\/status\/2016899062633521539?ref_src=twsrc%5Etfw\" rel=\"nofollow noopener\" target=\"_blank\">January 29, 2026<\/a><\/p><\/blockquote>\n<p><script async src=\"https:\/\/platform.twitter.com\/widgets.js\" charset=\"utf-8\"><\/script><\/p>\n<\/p><\/div>\n<\/p><\/div>\n","protected":false},"excerpt":{"rendered":"<p>Bah\u00e7e\u015fehir Koleji formas\u0131 giyen ABD&#8217;li oyun kurucu Malachi Flynn&#8217;in T\u00fcrk vatanda\u015fl\u0131\u011f\u0131na ge\u00e7i\u015fi tamamlan\u0131rken, 27 ya\u015f\u0131ndaki basketbolcunun A Ulusal Erkek Basketbol Grubu&#8217;nda dev\u015firme oyuncu olarak misyon almas\u0131 bekleniyor.<\/p>\n","protected":false},"author":1,"featured_media":54455,"comment_status":"open","ping_status":"open","sticky":false,"template":"","format":"standard","meta":{"footnotes":""},"categories":[10],"tags":[],"class_list":["post-54453","post","type-post","status-publish","format-standard","has-post-thumbnail","hentry","category-basketbol"],"_links":{"self":[{"href":"https:\/\/haberbesiktas.tr\/index.php?rest_route=\/wp\/v2\/posts\/54453","targetHints":{"allow":["GET"]}}],"collection":[{"href":"https:\/\/haberbesiktas.tr\/index.php?rest_route=\/wp\/v2\/posts"}],"about":[{"href":"https:\/\/haberbesiktas.tr\/index.php?rest_route=\/wp\/v2\/types\/post"}],"author":[{"embeddable":true,"href":"https:\/\/haberbesiktas.tr\/index.php?rest_route=\/wp\/v2\/users\/1"}],"replies":[{"embeddable":true,"href":"https:\/\/haberbesiktas.tr\/index.php?rest_route=%2Fwp%2Fv2%2Fcomments&post=54453"}],"version-history":[{"count":1,"href":"https:\/\/haberbesiktas.tr\/index.php?rest_route=\/wp\/v2\/posts\/54453\/revisions"}],"predecessor-version":[{"id":54456,"href":"https:\/\/haberbesiktas.tr\/index.php?rest_route=\/wp\/v2\/posts\/54453\/revisions\/54456"}],"wp:featuredmedia":[{"embeddable":true,"href":"https:\/\/haberbesiktas.tr\/index.php?rest_route=\/wp\/v2\/media\/54455"}],"wp:attachment":[{"href":"https:\/\/haberbesiktas.tr\/index.php?rest_route=%2Fwp%2Fv2%2Fmedia&parent=54453"}],"wp:term":[{"taxonomy":"category","embeddable":true,"href":"https:\/\/haberbesiktas.tr\/index.php?rest_route=%2Fwp%2Fv2%2Fcategories&post=54453"},{"taxonomy":"post_tag","embeddable":true,"href":"https:\/\/haberbesiktas.tr\/index.php?rest_route=%2Fwp%2Fv2%2Ftags&post=54453"}],"curies":[{"name":"wp","href":"https:\/\/api.w.org\/{rel}","templated":true}]}}