{"id":54466,"date":"2026-01-29T23:36:07","date_gmt":"2026-01-29T23:36:07","guid":{"rendered":"https:\/\/haberbesiktas.tr\/?p=54466"},"modified":"2026-01-29T23:36:07","modified_gmt":"2026-01-29T23:36:07","slug":"trabzonspordan-umut-nayiri-kadrosuna-katti","status":"publish","type":"post","link":"https:\/\/haberbesiktas.tr\/?p=54466","title":{"rendered":"Trabzonspor&#8217;dan, Umut Nayir&#8217;i kadrosuna katt\u0131"},"content":{"rendered":"<div>\n<div>Trabzonspor, orta transfer periyodunda forvet \u00e7izgisini g\u00fc\u00e7lendirdi.<\/div>\n<div>\u00a0<\/div>\n<div>Karadeniz grubu, Konyaspor&#8217;dan santrfor Umut Nayir&#8217;i bedelsiz olarak tak\u0131m\u0131na katt\u0131\u011f\u0131n\u0131 TFF&#8217;ye bildirdi.<\/div>\n<div>\u00a0<\/div>\n<div>32 ya\u015f\u0131ndaki golc\u00fc isim, bu d\u00f6nem Konyaspor formas\u0131yla 21 ma\u00e7ta 8 gol ve 4 asist ile katk\u0131 sa\u011flad\u0131.<\/div>\n<\/p><\/div>\n","protected":false},"excerpt":{"rendered":"<p>Trabzonspor, Konyaspor formas\u0131 giyen 32 ya\u015f\u0131ndaki santrfor Umut Nayir&#8217;i bedelsiz olarak tak\u0131m\u0131na katt\u0131.<\/p>\n","protected":false},"author":1,"featured_media":54467,"comment_status":"open","ping_status":"open","sticky":false,"template":"","format":"standard","meta":{"footnotes":""},"categories":[25],"tags":[],"class_list":["post-54466","post","type-post","status-publish","format-standard","has-post-thumbnail","hentry","category-futbol"],"_links":{"self":[{"href":"https:\/\/haberbesiktas.tr\/index.php?rest_route=\/wp\/v2\/posts\/54466","targetHints":{"allow":["GET"]}}],"collection":[{"href":"https:\/\/haberbesiktas.tr\/index.php?rest_route=\/wp\/v2\/posts"}],"about":[{"href":"https:\/\/haberbesiktas.tr\/index.php?rest_route=\/wp\/v2\/types\/post"}],"author":[{"embeddable":true,"href":"https:\/\/haberbesiktas.tr\/index.php?rest_route=\/wp\/v2\/users\/1"}],"replies":[{"embeddable":true,"href":"https:\/\/haberbesiktas.tr\/index.php?rest_route=%2Fwp%2Fv2%2Fcomments&post=54466"}],"version-history":[{"count":1,"href":"https:\/\/haberbesiktas.tr\/index.php?rest_route=\/wp\/v2\/posts\/54466\/revisions"}],"predecessor-version":[{"id":54468,"href":"https:\/\/haberbesiktas.tr\/index.php?rest_route=\/wp\/v2\/posts\/54466\/revisions\/54468"}],"wp:featuredmedia":[{"embeddable":true,"href":"https:\/\/haberbesiktas.tr\/index.php?rest_route=\/wp\/v2\/media\/54467"}],"wp:attachment":[{"href":"https:\/\/haberbesiktas.tr\/index.php?rest_route=%2Fwp%2Fv2%2Fmedia&parent=54466"}],"wp:term":[{"taxonomy":"category","embeddable":true,"href":"https:\/\/haberbesiktas.tr\/index.php?rest_route=%2Fwp%2Fv2%2Fcategories&post=54466"},{"taxonomy":"post_tag","embeddable":true,"href":"https:\/\/haberbesiktas.tr\/index.php?rest_route=%2Fwp%2Fv2%2Ftags&post=54466"}],"curies":[{"name":"wp","href":"https:\/\/api.w.org\/{rel}","templated":true}]}}