{"id":54502,"date":"2026-01-30T01:48:05","date_gmt":"2026-01-30T01:48:05","guid":{"rendered":"https:\/\/haberbesiktas.tr\/?p=54502"},"modified":"2026-01-30T01:48:05","modified_gmt":"2026-01-30T01:48:05","slug":"horton-tucker-kimse-bizim-icin-uzulmeyecek","status":"publish","type":"post","link":"https:\/\/haberbesiktas.tr\/?p=54502","title":{"rendered":"Horton-Tucker: &#8220;Kimse bizim i\u00e7in \u00fcz\u00fclmeyecek&#8221;"},"content":{"rendered":"<div>\n<div>Fenerbah\u00e7e Beko, Anadolu Efes&#8217;i farkl\u0131 ma\u011flup etti ve EuroLeague&#8217;deki y\u00fcksek formunu s\u00fcrd\u00fcrd\u00fc. Anadolu Efes ise \u00fcst \u00fcste 9. ma\u011flubiyetini ald\u0131.<\/div>\n<div>\u00a0<\/div>\n<div>Ma\u00e7\u0131n akabinde Fenerbah\u00e7e&#8217;den Talen Horton-Tucker a\u00e7\u0131klamalarda bulundu.<\/div>\n<div>\u00a0<\/div>\n<div>\u0130\u015fte Horton-Tucker&#8217;\u0131n s\u00f6zleri:<\/div>\n<div>\u00a0<\/div>\n<div><strong>&#8220;K\u0130MSE B\u0130Z\u0130M \u0130\u00c7\u0130N \u00dcZ\u00dcLMEYECEK!&#8221;<\/strong><\/div>\n<div>\u00a0<\/div>\n<div>&#8220;Ben ma\u00e7ta elimden geleni yapt\u0131m. Kazand\u0131k. En de\u011ferli \u015fey bu. Ferd\u00ee m\u00fckafatlar\u0131 umursam\u0131yorum, yaln\u0131zca ma\u00e7lar\u0131 kazanmaya \u00e7al\u0131\u015f\u0131yorum.<\/div>\n<div>\u00a0<\/div>\n<div>Sava\u015fmaya devam etmeliyiz. Kimse sakatlar var diye bizim i\u00e7in \u00fcz\u00fclmeyecek. Elimizden gelen en b\u00fcy\u00fck eforu vermeliyiz.<\/div>\n<div>\u00a0<\/div>\n<div>Salonda \u00e7ok fazla \u00fc\u00e7l\u00fck \u00e7al\u0131\u015f\u0131yorum, istikrar yakalamaya \u00e7al\u0131\u015f\u0131yorum. Melli en yak\u0131n arkada\u015flar\u0131mdan birisi.&#8221;<\/div>\n<\/p><\/div>\n","protected":false},"excerpt":{"rendered":"<p>Fenerbah\u00e7e Beko&#8217;nun Anadolu Efes&#8217;i farkl\u0131 ma\u011flup etti\u011fi EuroLeague ma\u00e7\u0131n\u0131n akabinde konu\u015fan Talen Horton-Tucker, galibiyete odakland\u0131klar\u0131n\u0131 vurgulayarak \u00e7abay\u0131 b\u0131rakmayacaklar\u0131n\u0131 s\u00f6yledi.<\/p>\n","protected":false},"author":1,"featured_media":54503,"comment_status":"open","ping_status":"open","sticky":false,"template":"","format":"standard","meta":{"footnotes":""},"categories":[10],"tags":[],"class_list":["post-54502","post","type-post","status-publish","format-standard","has-post-thumbnail","hentry","category-basketbol"],"_links":{"self":[{"href":"https:\/\/haberbesiktas.tr\/index.php?rest_route=\/wp\/v2\/posts\/54502","targetHints":{"allow":["GET"]}}],"collection":[{"href":"https:\/\/haberbesiktas.tr\/index.php?rest_route=\/wp\/v2\/posts"}],"about":[{"href":"https:\/\/haberbesiktas.tr\/index.php?rest_route=\/wp\/v2\/types\/post"}],"author":[{"embeddable":true,"href":"https:\/\/haberbesiktas.tr\/index.php?rest_route=\/wp\/v2\/users\/1"}],"replies":[{"embeddable":true,"href":"https:\/\/haberbesiktas.tr\/index.php?rest_route=%2Fwp%2Fv2%2Fcomments&post=54502"}],"version-history":[{"count":1,"href":"https:\/\/haberbesiktas.tr\/index.php?rest_route=\/wp\/v2\/posts\/54502\/revisions"}],"predecessor-version":[{"id":54504,"href":"https:\/\/haberbesiktas.tr\/index.php?rest_route=\/wp\/v2\/posts\/54502\/revisions\/54504"}],"wp:featuredmedia":[{"embeddable":true,"href":"https:\/\/haberbesiktas.tr\/index.php?rest_route=\/wp\/v2\/media\/54503"}],"wp:attachment":[{"href":"https:\/\/haberbesiktas.tr\/index.php?rest_route=%2Fwp%2Fv2%2Fmedia&parent=54502"}],"wp:term":[{"taxonomy":"category","embeddable":true,"href":"https:\/\/haberbesiktas.tr\/index.php?rest_route=%2Fwp%2Fv2%2Fcategories&post=54502"},{"taxonomy":"post_tag","embeddable":true,"href":"https:\/\/haberbesiktas.tr\/index.php?rest_route=%2Fwp%2Fv2%2Ftags&post=54502"}],"curies":[{"name":"wp","href":"https:\/\/api.w.org\/{rel}","templated":true}]}}