{"id":54505,"date":"2026-01-30T02:00:05","date_gmt":"2026-01-30T02:00:05","guid":{"rendered":"https:\/\/haberbesiktas.tr\/?p=54505"},"modified":"2026-01-30T02:00:05","modified_gmt":"2026-01-30T02:00:05","slug":"jasikevicius-kazandik-mutlu-olmaliyiz","status":"publish","type":"post","link":"https:\/\/haberbesiktas.tr\/?p=54505","title":{"rendered":"Jasikevicius: &#8220;Kazand\u0131k, mutlu olmal\u0131y\u0131z&#8221;"},"content":{"rendered":"<div>\n<div>Fenerbah\u00e7e Beko, Anadolu Efes&#8217;i farkl\u0131 ma\u011flup etti ve EuroLeague&#8217;deki y\u00fcksek formunu s\u00fcrd\u00fcrd\u00fc. Anadolu Efes ise \u00fcst \u00fcste 9. hezimetini ald\u0131.<\/div>\n<div>\u00a0<\/div>\n<div>Ma\u00e7\u0131n akabinde Fenerbah\u00e7e ba\u015fantren\u00f6r\u00fc Sarunas Jasikevicius a\u00e7\u0131klamalarda bulundu.<\/div>\n<div>\u00a0<\/div>\n<div>\u0130\u015fte Jasikevicius&#8217;un s\u00f6zleri:<\/div>\n<div>\u00a0<\/div>\n<div><strong>&#8220;KAZANDIK, MEMNUN OLMALIYIZ&#8221;<\/strong><\/div>\n<div>\u00a0<\/div>\n<div>&#8220;Baz\u0131 meselelerimiz vard\u0131, Efes&#8217;in de o denli. En g\u00fczel oyuncular oynayamad\u0131 burada. \u0130stanbul derbisi nat\u00fcrel ki bu. G\u00fczel oldu\u011fumuz anlar oldu ma\u00e7ta. \u0130ki top y\u00f6nlendiricimiz varken \u00e7ok g\u00fczeldik. Lakin, Efes al\u0131\u015f\u0131lm\u0131\u015f ki oyuna geri geldi. Burada istikrar\u0131 yakalamak de\u011ferliydi. \u0130ki grup da sakatl\u0131klar konusunda s\u0131k\u0131nt\u0131 vakitlerden ge\u00e7iyor. Biz kazand\u0131k, keyifli olmal\u0131y\u0131z.<\/div>\n<div>\u00a0<\/div>\n<div>(14 top kayb\u0131) Biraz umursamazd\u0131k. Ma\u00e7\u0131n b\u00fcy\u00fck k\u0131sm\u0131nda y\u00fcksek fark olmas\u0131 da tesirliydi. Sakatl\u0131klardan d\u00f6nenler vard\u0131, sakatl\u0131klar nedeniyle yerinde oynamayanlar vard\u0131. Bu \u00e7e\u015fit vakitlerde yapman\u0131z gereken kazanmak!&#8221;<\/div>\n<\/p><\/div>\n","protected":false},"excerpt":{"rendered":"<p>Fenerbah\u00e7e Beko&#8217;nun Anadolu Efes&#8217;i farkl\u0131 ma\u011flup etti\u011fi EuroLeague m\u00fcsabakas\u0131n\u0131n akabinde konu\u015fan ba\u015fantren\u00f6r Sarunas Jasikevicius, sakatl\u0131klara kar\u015f\u0131n galibiyetin de\u011ferli oldu\u011funu vurgulad\u0131.<\/p>\n","protected":false},"author":1,"featured_media":54506,"comment_status":"open","ping_status":"open","sticky":false,"template":"","format":"standard","meta":{"footnotes":""},"categories":[10],"tags":[],"class_list":["post-54505","post","type-post","status-publish","format-standard","has-post-thumbnail","hentry","category-basketbol"],"_links":{"self":[{"href":"https:\/\/haberbesiktas.tr\/index.php?rest_route=\/wp\/v2\/posts\/54505","targetHints":{"allow":["GET"]}}],"collection":[{"href":"https:\/\/haberbesiktas.tr\/index.php?rest_route=\/wp\/v2\/posts"}],"about":[{"href":"https:\/\/haberbesiktas.tr\/index.php?rest_route=\/wp\/v2\/types\/post"}],"author":[{"embeddable":true,"href":"https:\/\/haberbesiktas.tr\/index.php?rest_route=\/wp\/v2\/users\/1"}],"replies":[{"embeddable":true,"href":"https:\/\/haberbesiktas.tr\/index.php?rest_route=%2Fwp%2Fv2%2Fcomments&post=54505"}],"version-history":[{"count":1,"href":"https:\/\/haberbesiktas.tr\/index.php?rest_route=\/wp\/v2\/posts\/54505\/revisions"}],"predecessor-version":[{"id":54507,"href":"https:\/\/haberbesiktas.tr\/index.php?rest_route=\/wp\/v2\/posts\/54505\/revisions\/54507"}],"wp:featuredmedia":[{"embeddable":true,"href":"https:\/\/haberbesiktas.tr\/index.php?rest_route=\/wp\/v2\/media\/54506"}],"wp:attachment":[{"href":"https:\/\/haberbesiktas.tr\/index.php?rest_route=%2Fwp%2Fv2%2Fmedia&parent=54505"}],"wp:term":[{"taxonomy":"category","embeddable":true,"href":"https:\/\/haberbesiktas.tr\/index.php?rest_route=%2Fwp%2Fv2%2Fcategories&post=54505"},{"taxonomy":"post_tag","embeddable":true,"href":"https:\/\/haberbesiktas.tr\/index.php?rest_route=%2Fwp%2Fv2%2Ftags&post=54505"}],"curies":[{"name":"wp","href":"https:\/\/api.w.org\/{rel}","templated":true}]}}