{"id":54508,"date":"2026-01-30T02:12:07","date_gmt":"2026-01-30T02:12:07","guid":{"rendered":"https:\/\/haberbesiktas.tr\/?p=54508"},"modified":"2026-01-30T02:12:07","modified_gmt":"2026-01-30T02:12:07","slug":"wade-baldwin-derbiyle-bitirmek-guzeldi","status":"publish","type":"post","link":"https:\/\/haberbesiktas.tr\/?p=54508","title":{"rendered":"Wade Baldwin: &#8220;Derbiyle bitirmek g\u00fczeldi&#8221;"},"content":{"rendered":"<div>\n<div>Fenerbah\u00e7e Beko, Anadolu Efes&#8217;i farkl\u0131 ma\u011flup etti ve EuroLeague&#8217;deki y\u00fcksek formunu s\u00fcrd\u00fcrd\u00fc. Anadolu Efes ise \u00fcst \u00fcste 9. ma\u011flubiyetini ald\u0131.<\/div>\n<div>\u00a0<\/div>\n<div>Ma\u00e7\u0131n akabinde Fenerbah\u00e7e&#8217;den Wade Baldwin a\u00e7\u0131klamalarda bulundu.<\/div>\n<div>\u00a0<\/div>\n<div><strong>\u0130\u015fte Wade Baldwin&#8217;in s\u00f6zleri:<\/strong><\/div>\n<div>\u00a0<\/div>\n<div>&#8220;Harika bir ay oldu bizim i\u00e7in. Derbi galibiyetiyle bitirmek ho\u015f oldu. Taraftar harikayd\u0131. Kolay bir galibiyet oldu. \u00d6n\u00fcm\u00fczdeki hafta, \u00e7ift ma\u00e7 haftas\u0131. Neler olacak g\u00f6rece\u011fiz.\u00a0<\/div>\n<div>\u00a0<\/div>\n<div>(9 Asist, 0 Top Kayb\u0131) Ma\u00e7 \u00f6ncesinde konu\u015ftuk. Son ma\u00e7larda fazla top kayb\u0131 yap\u0131yorduk. Bu ma\u00e7ta top kay\u0131plar\u0131 konusunda daha uygundum.&#8221;<\/div>\n<\/p><\/div>\n","protected":false},"excerpt":{"rendered":"<p>Fenerbah\u00e7e Beko&#8217;nun Anadolu Efes&#8217;i farkl\u0131 ma\u011flup etti\u011fi EuroLeague ma\u00e7\u0131n\u0131n akabinde konu\u015fan Wade Baldwin, \u015fahane bir ay ge\u00e7irdiklerini ve derbi galibiyetiyle bunu ta\u00e7land\u0131rd\u0131klar\u0131n\u0131 s\u00f6yledi.<\/p>\n","protected":false},"author":1,"featured_media":54509,"comment_status":"open","ping_status":"open","sticky":false,"template":"","format":"standard","meta":{"footnotes":""},"categories":[10],"tags":[50],"class_list":["post-54508","post","type-post","status-publish","format-standard","has-post-thumbnail","hentry","category-basketbol","tag-mac"],"_links":{"self":[{"href":"https:\/\/haberbesiktas.tr\/index.php?rest_route=\/wp\/v2\/posts\/54508","targetHints":{"allow":["GET"]}}],"collection":[{"href":"https:\/\/haberbesiktas.tr\/index.php?rest_route=\/wp\/v2\/posts"}],"about":[{"href":"https:\/\/haberbesiktas.tr\/index.php?rest_route=\/wp\/v2\/types\/post"}],"author":[{"embeddable":true,"href":"https:\/\/haberbesiktas.tr\/index.php?rest_route=\/wp\/v2\/users\/1"}],"replies":[{"embeddable":true,"href":"https:\/\/haberbesiktas.tr\/index.php?rest_route=%2Fwp%2Fv2%2Fcomments&post=54508"}],"version-history":[{"count":1,"href":"https:\/\/haberbesiktas.tr\/index.php?rest_route=\/wp\/v2\/posts\/54508\/revisions"}],"predecessor-version":[{"id":54510,"href":"https:\/\/haberbesiktas.tr\/index.php?rest_route=\/wp\/v2\/posts\/54508\/revisions\/54510"}],"wp:featuredmedia":[{"embeddable":true,"href":"https:\/\/haberbesiktas.tr\/index.php?rest_route=\/wp\/v2\/media\/54509"}],"wp:attachment":[{"href":"https:\/\/haberbesiktas.tr\/index.php?rest_route=%2Fwp%2Fv2%2Fmedia&parent=54508"}],"wp:term":[{"taxonomy":"category","embeddable":true,"href":"https:\/\/haberbesiktas.tr\/index.php?rest_route=%2Fwp%2Fv2%2Fcategories&post=54508"},{"taxonomy":"post_tag","embeddable":true,"href":"https:\/\/haberbesiktas.tr\/index.php?rest_route=%2Fwp%2Fv2%2Ftags&post=54508"}],"curies":[{"name":"wp","href":"https:\/\/api.w.org\/{rel}","templated":true}]}}