{"id":54523,"date":"2026-01-30T03:12:06","date_gmt":"2026-01-30T03:12:06","guid":{"rendered":"https:\/\/haberbesiktas.tr\/?p=54523"},"modified":"2026-01-30T03:12:06","modified_gmt":"2026-01-30T03:12:06","slug":"fenerbahce-medicana-1-mac-kala-ceyrek-finalde","status":"publish","type":"post","link":"https:\/\/haberbesiktas.tr\/?p=54523","title":{"rendered":"Fenerbah\u00e7e Medicana, 1 ma\u00e7 kala \u00e7eyrek finalde!"},"content":{"rendered":"<p>CEV Kad\u0131nlar \u015eampiyonlar Ligi B K\u00fcmesi 5. hafta ma\u00e7\u0131nda Benfica ile Fenerbah\u00e7e Medicana kar\u015f\u0131 kar\u015f\u0131ya geldi. Sports Hall Benfica&#8217;da oynanan \u00e7abay\u0131 Fenerbah\u00e7e, 3-0&#8217;l\u0131k skorla kazand\u0131.<\/p>\n<p> 25-20, 31-29 ve 25-17&#8217;lik setlerle galip gelen sar\u0131 lacivertliler, bu sonu\u00e7la k\u00fcmede 5&#8217;te 5 yapt\u0131.<\/p>\n<p> Fenerbah\u00e7e Medicana, bitime 5 hafta kala puan\u0131n\u0131 14 yapt\u0131 ve grup lideri olarak \u00e7eyrek finale y\u00fckselmeyi garantiledi.<\/p>\n","protected":false},"excerpt":{"rendered":"<p>Fenerbah\u00e7e Medicana, CEV \u015eampiyonlar Ligi&#8217;nde bitime 1 hafta kala \u00e7eyrek finale y\u00fckseldi.<\/p>\n","protected":false},"author":1,"featured_media":54524,"comment_status":"open","ping_status":"open","sticky":false,"template":"","format":"standard","meta":{"footnotes":""},"categories":[39],"tags":[],"class_list":["post-54523","post","type-post","status-publish","format-standard","has-post-thumbnail","hentry","category-voleybol"],"_links":{"self":[{"href":"https:\/\/haberbesiktas.tr\/index.php?rest_route=\/wp\/v2\/posts\/54523","targetHints":{"allow":["GET"]}}],"collection":[{"href":"https:\/\/haberbesiktas.tr\/index.php?rest_route=\/wp\/v2\/posts"}],"about":[{"href":"https:\/\/haberbesiktas.tr\/index.php?rest_route=\/wp\/v2\/types\/post"}],"author":[{"embeddable":true,"href":"https:\/\/haberbesiktas.tr\/index.php?rest_route=\/wp\/v2\/users\/1"}],"replies":[{"embeddable":true,"href":"https:\/\/haberbesiktas.tr\/index.php?rest_route=%2Fwp%2Fv2%2Fcomments&post=54523"}],"version-history":[{"count":1,"href":"https:\/\/haberbesiktas.tr\/index.php?rest_route=\/wp\/v2\/posts\/54523\/revisions"}],"predecessor-version":[{"id":54525,"href":"https:\/\/haberbesiktas.tr\/index.php?rest_route=\/wp\/v2\/posts\/54523\/revisions\/54525"}],"wp:featuredmedia":[{"embeddable":true,"href":"https:\/\/haberbesiktas.tr\/index.php?rest_route=\/wp\/v2\/media\/54524"}],"wp:attachment":[{"href":"https:\/\/haberbesiktas.tr\/index.php?rest_route=%2Fwp%2Fv2%2Fmedia&parent=54523"}],"wp:term":[{"taxonomy":"category","embeddable":true,"href":"https:\/\/haberbesiktas.tr\/index.php?rest_route=%2Fwp%2Fv2%2Fcategories&post=54523"},{"taxonomy":"post_tag","embeddable":true,"href":"https:\/\/haberbesiktas.tr\/index.php?rest_route=%2Fwp%2Fv2%2Ftags&post=54523"}],"curies":[{"name":"wp","href":"https:\/\/api.w.org\/{rel}","templated":true}]}}