{"id":54554,"date":"2026-01-30T05:36:06","date_gmt":"2026-01-30T05:36:06","guid":{"rendered":"https:\/\/haberbesiktas.tr\/?p=54554"},"modified":"2026-01-30T05:36:06","modified_gmt":"2026-01-30T05:36:06","slug":"fenerbahcede-jayden-oosterwolde-gercegi-ortaya-cikti","status":"publish","type":"post","link":"https:\/\/haberbesiktas.tr\/?p=54554","title":{"rendered":"Fenerbah\u00e7e&#8217;de Jayden Oosterwolde ger\u00e7e\u011fi ortaya \u00e7\u0131kt\u0131!"},"content":{"rendered":"<div>\n<p>Fenerbah\u00e7e&#8217;de Hollandal\u0131 futbolcu<strong> Jayden Oosterwolde<\/strong> ile ilgili fla\u015f geli\u015fmeler ya\u015fan\u0131yor.<\/p>\n<p> Sar\u0131-lacivertlilerin 2023&#8217;\u00fcn devre ortas\u0131nda tak\u0131m\u0131na katt\u0131\u011f\u0131 Oosterwolde, dikkatleri \u00fczerine \u00e7ekmeye devam ediyor.<\/p>\n<p> Edinilen bilgilere nazaran, 24 ya\u015f\u0131ndaki y\u0131ld\u0131za \u0130ngiltere Premier Lig&#8217;den transfer teklifleri geldi. <\/p>\n<p> <strong>SA\u011eLIK DURUMUNU MERCEK ALTINA ALDI<\/strong><\/p>\n<p> <span><em><strong>Takvim&#8217;in haberine g\u00f6re<\/strong><\/em><\/span> bir \u0130ngiliz kul\u00fcb\u00fc, d\u00f6nem sonu transferi i\u00e7in Oosterwolde&#8217;nin s\u0131hhat durumunu mercek alt\u0131na ald\u0131. Oyuncunun menajerinden s\u0131hhat raporu talep eden kul\u00fcp, Hollandal\u0131 futbolcunun mevcut form durumu ve sakatl\u0131k ge\u00e7mi\u015fi hakk\u0131nda ayr\u0131nt\u0131l\u0131 bilgi almak istedi. Oosterwolde&#8217;nin s\u0131hhat testlerine kat\u0131ld\u0131\u011f\u0131 ve raporun kul\u00fcbe iletildi\u011fi \u00f6\u011frenildi.<\/p>\n<p> <strong>FENERBAH\u00c7E, D\u00d6NEM ORTASINDA BIRAKMAK \u0130STEM\u0130YOR<\/strong><\/p>\n<p> Fenerbah\u00e7e idaresinin, d\u00f6nem ortas\u0131nda Oosterwolde&#8217;yi b\u0131rakmay\u0131 d\u00fc\u015f\u00fcnmedi\u011fini oyuncunun menajerine iletti\u011fi bilinen ayr\u0131nt\u0131lar ortas\u0131nda. Oosterwolde&#8217;nin d\u00f6nem sonunda Fenerbah\u00e7e&#8217;den ayr\u0131labilece\u011fi y\u00fcksek ihtimal olarak g\u00f6steriliyor.<\/p>\n<p><strong>S\u00d6ZLE\u015eMES\u0130 VE P\u0130YASA DE\u011eER\u0130<\/strong><\/p>\n<p> Sar\u0131-lacivertliler ile 30 Haziran 2026 tarihine kadar kontrat\u0131 bulunan gen\u00e7 oyuncunun, akt\u00fcel piyasa pahas\u0131 16 milyon euro civar\u0131nda \u00f6ne \u00e7\u0131k\u0131yor.<\/p>\n<p> Ge\u00e7ti\u011fimiz yaz transfer devrinde gen\u00e7 savunma oyuncusunun ad\u0131, Premier Lig ekiplerinden Bournemouth ile an\u0131lm\u0131\u015ft\u0131.<\/p>\n<\/div>\n","protected":false},"excerpt":{"rendered":"<p>Premier Lig&#8217;den talipleri bulunan Jayden Oosterwolde i\u00e7in bir \u0130ngiliz kul\u00fcb\u00fcn\u00fcn s\u0131hhat raporu istedi\u011fi, Fenerbah\u00e7e&#8217;nin ise d\u00f6nem ortas\u0131nda ayr\u0131l\u0131\u011fa s\u0131cak bakmad\u0131\u011f\u0131 tez edildi.<\/p>\n","protected":false},"author":1,"featured_media":54555,"comment_status":"open","ping_status":"open","sticky":false,"template":"","format":"standard","meta":{"footnotes":""},"categories":[25],"tags":[3203],"class_list":["post-54554","post","type-post","status-publish","format-standard","has-post-thumbnail","hentry","category-futbol","tag-oosterwolde"],"_links":{"self":[{"href":"https:\/\/haberbesiktas.tr\/index.php?rest_route=\/wp\/v2\/posts\/54554","targetHints":{"allow":["GET"]}}],"collection":[{"href":"https:\/\/haberbesiktas.tr\/index.php?rest_route=\/wp\/v2\/posts"}],"about":[{"href":"https:\/\/haberbesiktas.tr\/index.php?rest_route=\/wp\/v2\/types\/post"}],"author":[{"embeddable":true,"href":"https:\/\/haberbesiktas.tr\/index.php?rest_route=\/wp\/v2\/users\/1"}],"replies":[{"embeddable":true,"href":"https:\/\/haberbesiktas.tr\/index.php?rest_route=%2Fwp%2Fv2%2Fcomments&post=54554"}],"version-history":[{"count":1,"href":"https:\/\/haberbesiktas.tr\/index.php?rest_route=\/wp\/v2\/posts\/54554\/revisions"}],"predecessor-version":[{"id":54556,"href":"https:\/\/haberbesiktas.tr\/index.php?rest_route=\/wp\/v2\/posts\/54554\/revisions\/54556"}],"wp:featuredmedia":[{"embeddable":true,"href":"https:\/\/haberbesiktas.tr\/index.php?rest_route=\/wp\/v2\/media\/54555"}],"wp:attachment":[{"href":"https:\/\/haberbesiktas.tr\/index.php?rest_route=%2Fwp%2Fv2%2Fmedia&parent=54554"}],"wp:term":[{"taxonomy":"category","embeddable":true,"href":"https:\/\/haberbesiktas.tr\/index.php?rest_route=%2Fwp%2Fv2%2Fcategories&post=54554"},{"taxonomy":"post_tag","embeddable":true,"href":"https:\/\/haberbesiktas.tr\/index.php?rest_route=%2Fwp%2Fv2%2Ftags&post=54554"}],"curies":[{"name":"wp","href":"https:\/\/api.w.org\/{rel}","templated":true}]}}