{"id":54557,"date":"2026-01-30T05:48:04","date_gmt":"2026-01-30T05:48:04","guid":{"rendered":"https:\/\/haberbesiktas.tr\/?p=54557"},"modified":"2026-01-30T05:48:04","modified_gmt":"2026-01-30T05:48:04","slug":"galatasarayda-leroy-sane-gelismesi","status":"publish","type":"post","link":"https:\/\/haberbesiktas.tr\/?p=54557","title":{"rendered":"Galatasaray&#8217;da Leroy Sane geli\u015fmesi"},"content":{"rendered":"<div>Galatasaray formas\u0131 giyen Leroy Sane, Manchester City ile \u015eampiyonlar Ligi&#8217;nde oynanan ma\u00e7ta sakatl\u0131k ya\u015fad\u0131.<\/p>\n<p> Ma\u00e7\u0131n son k\u0131s\u0131mlar\u0131nda sakatlanan Alman y\u0131ld\u0131z, yerini Kaan Ayhan&#8217;a b\u0131rakt\u0131.<\/p>\n<p> Galatasaray Kul\u00fcp Tabibi Yener \u0130nce, Sane i\u00e7in ma\u00e7\u0131n akabinde, <strong>&#8220;Sane&#8217;de ayak bile\u011fi burkulmas\u0131 oldu.&#8221;<\/strong> dedi.<\/p>\n<p> 30 ya\u015f\u0131ndaki futbolcu, ligde Kayserispor ile oynanacak ma\u00e7ta riske edilmeyecek.<\/p>\n<p> Galatasaray formas\u0131 alt\u0131nda bu d\u00f6nem 28 ma\u00e7ta m\u00fchlet bulan Leroy Sane, 6 gol att\u0131 ve 7 asist yapt\u0131.<\/p>\n<\/div>\n","protected":false},"excerpt":{"rendered":"<p>Galatasaray&#8217;da Manchester City ile oynanan ma\u00e7\u0131n son k\u0131sm\u0131nda sakatl\u0131k ya\u015fayan Alman y\u0131ld\u0131z Leroy Sane, Kayserispor ma\u00e7\u0131nda riske edilmeyecek.<\/p>\n","protected":false},"author":1,"featured_media":54558,"comment_status":"open","ping_status":"open","sticky":false,"template":"","format":"standard","meta":{"footnotes":""},"categories":[25],"tags":[],"class_list":["post-54557","post","type-post","status-publish","format-standard","has-post-thumbnail","hentry","category-futbol"],"_links":{"self":[{"href":"https:\/\/haberbesiktas.tr\/index.php?rest_route=\/wp\/v2\/posts\/54557","targetHints":{"allow":["GET"]}}],"collection":[{"href":"https:\/\/haberbesiktas.tr\/index.php?rest_route=\/wp\/v2\/posts"}],"about":[{"href":"https:\/\/haberbesiktas.tr\/index.php?rest_route=\/wp\/v2\/types\/post"}],"author":[{"embeddable":true,"href":"https:\/\/haberbesiktas.tr\/index.php?rest_route=\/wp\/v2\/users\/1"}],"replies":[{"embeddable":true,"href":"https:\/\/haberbesiktas.tr\/index.php?rest_route=%2Fwp%2Fv2%2Fcomments&post=54557"}],"version-history":[{"count":1,"href":"https:\/\/haberbesiktas.tr\/index.php?rest_route=\/wp\/v2\/posts\/54557\/revisions"}],"predecessor-version":[{"id":54559,"href":"https:\/\/haberbesiktas.tr\/index.php?rest_route=\/wp\/v2\/posts\/54557\/revisions\/54559"}],"wp:featuredmedia":[{"embeddable":true,"href":"https:\/\/haberbesiktas.tr\/index.php?rest_route=\/wp\/v2\/media\/54558"}],"wp:attachment":[{"href":"https:\/\/haberbesiktas.tr\/index.php?rest_route=%2Fwp%2Fv2%2Fmedia&parent=54557"}],"wp:term":[{"taxonomy":"category","embeddable":true,"href":"https:\/\/haberbesiktas.tr\/index.php?rest_route=%2Fwp%2Fv2%2Fcategories&post=54557"},{"taxonomy":"post_tag","embeddable":true,"href":"https:\/\/haberbesiktas.tr\/index.php?rest_route=%2Fwp%2Fv2%2Ftags&post=54557"}],"curies":[{"name":"wp","href":"https:\/\/api.w.org\/{rel}","templated":true}]}}