{"id":54560,"date":"2026-01-30T06:00:08","date_gmt":"2026-01-30T06:00:08","guid":{"rendered":"https:\/\/haberbesiktas.tr\/?p=54560"},"modified":"2026-01-30T06:00:08","modified_gmt":"2026-01-30T06:00:08","slug":"sidiki-cheriften-fenerbahceye-yesil-isik","status":"publish","type":"post","link":"https:\/\/haberbesiktas.tr\/?p=54560","title":{"rendered":"Sidiki Cherif&#8217;ten Fenerbah\u00e7e&#8217;ye ye\u015fil \u0131\u015f\u0131k!"},"content":{"rendered":"<div>\n<p>Fenerbah\u00e7e, orta transfer periyodunda gelece\u011fe y\u00f6nelik k\u0131ymetli bir at\u0131l\u0131m i\u00e7in d\u00fc\u011fmeye bast\u0131.<\/p>\n<p>Sar\u0131-lacivertlilerin, Fransa Ligue 1 ekiplerinden\u00a0<strong>SCO Angers<\/strong>\u00a0formas\u0131 giyen\u00a0<strong>19 ya\u015f\u0131ndaki forvet Sidiki Cherif<\/strong>\u00a0i\u00e7in te\u015febb\u00fcslerini art\u0131rd\u0131\u011f\u0131 \u00f6ne s\u00fcr\u00fcld\u00fc.<\/p>\n<p><strong>L&#8217;Equipe<\/strong>&#8216;te yer alan habere nazaran gen\u00e7 oyuncuya \u0130ngiltere&#8217;den\u00a0<strong>Crystal Palace<\/strong>\u00a0ve Fransa&#8217;dan\u00a0<strong>Paris FC<\/strong>\u00a0de ilgi g\u00f6sterirken, Fenerbah\u00e7e&#8217;nin transferde \u0131srarc\u0131 bir tav\u0131r sergiledi\u011fi belirtildi. \u0130darenin, orta transfer periyodunda tezli bir tak\u0131m yap\u0131lanmas\u0131 hedefledi\u011fi ve bu do\u011frultuda Cherif&#8217;i ikna etmek i\u00e7in temaslar\u0131n\u0131 a\u011f\u0131rla\u015ft\u0131rd\u0131\u011f\u0131 aktar\u0131ld\u0131.<\/p>\n<p>Bu geli\u015fmelerin akabinde spor muhabiri\u00a0<strong>Ya\u011f\u0131z Sabuncuo\u011flu<\/strong>, Fenerbah\u00e7e&#8217;nin Sidiki Cherif ile\u00a0<strong>prensip muahedesine vard\u0131\u011f\u0131n\u0131<\/strong>\u00a0duyurdu.<\/p>\n<p><strong>\u00d6NCEL\u0130\u011e\u0130 FENERBAH\u00c7E<\/strong> <\/p>\n<p>Transfer s\u00fcrecine dair bir kritik bilgi de Frans\u0131z gazeteci\u00a0<strong>Loic Tanzi<\/strong>&#8216;den geldi. Tanzi&#8217;nin aktard\u0131\u011f\u0131na g\u00f6re\u00a0<strong>Sidiki Cherif, Crystal Palace&#8217;a transfer olmaktan vazge\u00e7ti ve \u00f6nceli\u011fini Fenerbah\u00e7e&#8217;ye verdi<\/strong>.<\/p>\n<p><strong>SIDIKI CHERIF K\u0130MD\u0130R?<\/strong><\/p>\n<p>Forvet ve sol kanat mevkilerinde vazife yapabilen Sidiki Cherif, Fransa futbolunun y\u00fckselen yetenekleri ortas\u0131nda g\u00f6steriliyor. Gen\u00e7 golc\u00fc, bu sezon\u00a0<strong>SCO Angers<\/strong>\u00a0formas\u0131yla Ligue 1&#8217;de \u00e7\u0131kt\u0131\u011f\u0131\u00a0<strong>19 ma\u00e7ta 4 gol<\/strong>\u00a0kaydetti.<\/p>\n<\/div>\n","protected":false},"excerpt":{"rendered":"<p>Orta transferde gelece\u011fe yat\u0131r\u0131m yapan Fenerbah\u00e7e&#8217;nin, Angers formas\u0131 giyen 19 ya\u015f\u0131ndaki Sidiki Cherif ile prensip mutabakat\u0131na vard\u0131\u011f\u0131 ve gen\u00e7 oyuncunun \u00f6nceli\u011fini sar\u0131-lacivertlilere verdi\u011fi \u00f6ne s\u00fcr\u00fcld\u00fc.<\/p>\n","protected":false},"author":1,"featured_media":54561,"comment_status":"open","ping_status":"open","sticky":false,"template":"","format":"standard","meta":{"footnotes":""},"categories":[25],"tags":[3984,115,48],"class_list":["post-54560","post","type-post","status-publish","format-standard","has-post-thumbnail","hentry","category-futbol","tag-cherif","tag-fenerbahce","tag-transfer"],"_links":{"self":[{"href":"https:\/\/haberbesiktas.tr\/index.php?rest_route=\/wp\/v2\/posts\/54560","targetHints":{"allow":["GET"]}}],"collection":[{"href":"https:\/\/haberbesiktas.tr\/index.php?rest_route=\/wp\/v2\/posts"}],"about":[{"href":"https:\/\/haberbesiktas.tr\/index.php?rest_route=\/wp\/v2\/types\/post"}],"author":[{"embeddable":true,"href":"https:\/\/haberbesiktas.tr\/index.php?rest_route=\/wp\/v2\/users\/1"}],"replies":[{"embeddable":true,"href":"https:\/\/haberbesiktas.tr\/index.php?rest_route=%2Fwp%2Fv2%2Fcomments&post=54560"}],"version-history":[{"count":1,"href":"https:\/\/haberbesiktas.tr\/index.php?rest_route=\/wp\/v2\/posts\/54560\/revisions"}],"predecessor-version":[{"id":54562,"href":"https:\/\/haberbesiktas.tr\/index.php?rest_route=\/wp\/v2\/posts\/54560\/revisions\/54562"}],"wp:featuredmedia":[{"embeddable":true,"href":"https:\/\/haberbesiktas.tr\/index.php?rest_route=\/wp\/v2\/media\/54561"}],"wp:attachment":[{"href":"https:\/\/haberbesiktas.tr\/index.php?rest_route=%2Fwp%2Fv2%2Fmedia&parent=54560"}],"wp:term":[{"taxonomy":"category","embeddable":true,"href":"https:\/\/haberbesiktas.tr\/index.php?rest_route=%2Fwp%2Fv2%2Fcategories&post=54560"},{"taxonomy":"post_tag","embeddable":true,"href":"https:\/\/haberbesiktas.tr\/index.php?rest_route=%2Fwp%2Fv2%2Ftags&post=54560"}],"curies":[{"name":"wp","href":"https:\/\/api.w.org\/{rel}","templated":true}]}}