{"id":54563,"date":"2026-01-30T06:12:07","date_gmt":"2026-01-30T06:12:07","guid":{"rendered":"https:\/\/haberbesiktas.tr\/?p=54563"},"modified":"2026-01-30T06:12:07","modified_gmt":"2026-01-30T06:12:07","slug":"galatasarayda-18lik-yeni-aday-matias-siltanen","status":"publish","type":"post","link":"https:\/\/haberbesiktas.tr\/?p=54563","title":{"rendered":"Galatasaray&#8217;da 18&#8217;lik yeni aday: Matias Siltanen"},"content":{"rendered":"<div>Galatasaray&#8217;da transfer \u00e7al\u0131\u015fmalar\u0131 t\u00fcm s\u00fcratiyle devam ediyor.<\/p>\n<p><strong>\u0130K\u0130 YEN\u0130 TRANSFER<\/strong><br \/><strong>G\u00d6ZLER ORTA SAHADA<\/strong><\/p>\n<p> Sar\u0131-k\u0131rm\u0131z\u0131l\u0131lar, Noa Lang ve Yaser Asprilla&#8217;n\u0131n akabinde g\u00f6z\u00fcn\u00fc orta alana yap\u0131lacak deste\u011fe \u00e7evirdi.<\/p>\n<p><strong>23 YA\u015e ALTI \u0130\u00c7\u0130N ADAY<\/strong><\/p>\n<p> Galatasaray, orta saha ile birlikte 23 ya\u015f alt\u0131 deste\u011fi de yapmay\u0131 planl\u0131yor. <\/p>\n<p> Sar\u0131-k\u0131rm\u0131z\u0131l\u0131larda bu do\u011frultuda Djurgarden formas\u0131 giyen 18 ya\u015f\u0131ndaki gen\u00e7 orta saha oyuncusu Matias Siltanen de g\u00fcndeme gelen isimlerden biri oldu.<\/p>\n<p> Djurgarden formas\u0131 alt\u0131nda ge\u00e7en d\u00f6nem 35 ma\u00e7ta m\u00fchlet bulan 18 ya\u015f\u0131ndaki Siltanen, 5 asist yapt\u0131.<\/p>\n<p><strong>P\u0130YASA BEDEL\u0130, S\u00d6ZLE\u015eMES\u0130<\/strong><\/p>\n<p> Yeni piyasa bedeli 3.5 milyon euro olarak g\u00f6sterilen gen\u00e7 futbolcunun, kul\u00fcb\u00fc Djurgarden ile kontrat\u0131 2027 y\u0131l\u0131na kadar devam ediyor.<\/p>\n<\/div>\n","protected":false},"excerpt":{"rendered":"<p>Galatasaray&#8217;da 23 ya\u015f alt\u0131 deste\u011fi i\u00e7in Djurgarden formas\u0131 giyen 18 ya\u015f\u0131ndaki gen\u00e7 orta saha oyuncusu Matias Siltanen g\u00fcndeme geldi.<\/p>\n","protected":false},"author":1,"featured_media":54564,"comment_status":"open","ping_status":"open","sticky":false,"template":"","format":"standard","meta":{"footnotes":""},"categories":[25],"tags":[],"class_list":["post-54563","post","type-post","status-publish","format-standard","has-post-thumbnail","hentry","category-futbol"],"_links":{"self":[{"href":"https:\/\/haberbesiktas.tr\/index.php?rest_route=\/wp\/v2\/posts\/54563","targetHints":{"allow":["GET"]}}],"collection":[{"href":"https:\/\/haberbesiktas.tr\/index.php?rest_route=\/wp\/v2\/posts"}],"about":[{"href":"https:\/\/haberbesiktas.tr\/index.php?rest_route=\/wp\/v2\/types\/post"}],"author":[{"embeddable":true,"href":"https:\/\/haberbesiktas.tr\/index.php?rest_route=\/wp\/v2\/users\/1"}],"replies":[{"embeddable":true,"href":"https:\/\/haberbesiktas.tr\/index.php?rest_route=%2Fwp%2Fv2%2Fcomments&post=54563"}],"version-history":[{"count":1,"href":"https:\/\/haberbesiktas.tr\/index.php?rest_route=\/wp\/v2\/posts\/54563\/revisions"}],"predecessor-version":[{"id":54565,"href":"https:\/\/haberbesiktas.tr\/index.php?rest_route=\/wp\/v2\/posts\/54563\/revisions\/54565"}],"wp:featuredmedia":[{"embeddable":true,"href":"https:\/\/haberbesiktas.tr\/index.php?rest_route=\/wp\/v2\/media\/54564"}],"wp:attachment":[{"href":"https:\/\/haberbesiktas.tr\/index.php?rest_route=%2Fwp%2Fv2%2Fmedia&parent=54563"}],"wp:term":[{"taxonomy":"category","embeddable":true,"href":"https:\/\/haberbesiktas.tr\/index.php?rest_route=%2Fwp%2Fv2%2Fcategories&post=54563"},{"taxonomy":"post_tag","embeddable":true,"href":"https:\/\/haberbesiktas.tr\/index.php?rest_route=%2Fwp%2Fv2%2Ftags&post=54563"}],"curies":[{"name":"wp","href":"https:\/\/api.w.org\/{rel}","templated":true}]}}