{"id":54566,"date":"2026-01-30T06:24:14","date_gmt":"2026-01-30T06:24:14","guid":{"rendered":"https:\/\/haberbesiktas.tr\/?p=54566"},"modified":"2026-01-30T06:24:14","modified_gmt":"2026-01-30T06:24:14","slug":"galatasarayda-lang-ve-asprilla-sahaya-cikiyor","status":"publish","type":"post","link":"https:\/\/haberbesiktas.tr\/?p=54566","title":{"rendered":"Galatasaray&#8217;da Lang ve Asprilla sahaya \u00e7\u0131k\u0131yor!"},"content":{"rendered":"<div>UEFA \u015eampiyonlar Ligi&#8217;ni birinci 24 ortas\u0131nda tamamlayan Galatasaray, g\u00f6z\u00fcn\u00fc lige \u00e7evirdi.<\/p>\n<p> Sar\u0131-k\u0131rm\u0131z\u0131l\u0131lar, ligde alan\u0131nda Kayserispor ile kar\u015f\u0131 kar\u015f\u0131ya gelecek.<\/p>\n<p><strong>BARI\u015e VE SANE YOK!<\/strong><\/p>\n<p> Galatasaray&#8217;da Bar\u0131\u015f Alper Y\u0131lmaz, kart cezas\u0131 nedeniyle Kayserispor ma\u00e7\u0131nda forma giyemeyecek. Leroy Sane&#8217;nin ise Manchester City ma\u00e7\u0131nda ya\u015fad\u0131\u011f\u0131 sakatl\u0131\u011f\u0131n akabinde bu ma\u00e7ta riske edilmesi beklenmiyor.<\/p>\n<p><strong>LANG VE ASPRILLA<\/strong> <\/p>\n<p> Galatasaray&#8217;da Sane ve Bar\u0131\u015f Alper \u00fczere kanat oyuncular\u0131n\u0131n yoklu\u011funda yeni transferlerden Noa Lang&#8217;\u0131n birinci 11&#8217;de forma giymesi bekleniyor.<\/p>\n<p> Sar\u0131-k\u0131rm\u0131z\u0131l\u0131larda bir ba\u015fka yeni transfer Yaser Asprilla da Kayserispor ma\u00e7\u0131nda birinci defa m\u00fcddet alabilir.<\/p>\n<p> Galatasaray, Kayserispor ile pazar g\u00fcn\u00fc kar\u015f\u0131 kar\u015f\u0131ya gelecek.<\/p>\n<\/div>\n","protected":false},"excerpt":{"rendered":"<p>Galatasaray&#8217;da yeni transferlerden Noa Lang&#8217;\u0131n Kayserispor ma\u00e7\u0131na birinci 11&#8217;de ba\u015flamas\u0131 bekleniyor. Yaser Asprilla ise sonradan oyuna dahil olabilir.<\/p>\n","protected":false},"author":1,"featured_media":54567,"comment_status":"open","ping_status":"open","sticky":false,"template":"","format":"standard","meta":{"footnotes":""},"categories":[25],"tags":[],"class_list":["post-54566","post","type-post","status-publish","format-standard","has-post-thumbnail","hentry","category-futbol"],"_links":{"self":[{"href":"https:\/\/haberbesiktas.tr\/index.php?rest_route=\/wp\/v2\/posts\/54566","targetHints":{"allow":["GET"]}}],"collection":[{"href":"https:\/\/haberbesiktas.tr\/index.php?rest_route=\/wp\/v2\/posts"}],"about":[{"href":"https:\/\/haberbesiktas.tr\/index.php?rest_route=\/wp\/v2\/types\/post"}],"author":[{"embeddable":true,"href":"https:\/\/haberbesiktas.tr\/index.php?rest_route=\/wp\/v2\/users\/1"}],"replies":[{"embeddable":true,"href":"https:\/\/haberbesiktas.tr\/index.php?rest_route=%2Fwp%2Fv2%2Fcomments&post=54566"}],"version-history":[{"count":1,"href":"https:\/\/haberbesiktas.tr\/index.php?rest_route=\/wp\/v2\/posts\/54566\/revisions"}],"predecessor-version":[{"id":54568,"href":"https:\/\/haberbesiktas.tr\/index.php?rest_route=\/wp\/v2\/posts\/54566\/revisions\/54568"}],"wp:featuredmedia":[{"embeddable":true,"href":"https:\/\/haberbesiktas.tr\/index.php?rest_route=\/wp\/v2\/media\/54567"}],"wp:attachment":[{"href":"https:\/\/haberbesiktas.tr\/index.php?rest_route=%2Fwp%2Fv2%2Fmedia&parent=54566"}],"wp:term":[{"taxonomy":"category","embeddable":true,"href":"https:\/\/haberbesiktas.tr\/index.php?rest_route=%2Fwp%2Fv2%2Fcategories&post=54566"},{"taxonomy":"post_tag","embeddable":true,"href":"https:\/\/haberbesiktas.tr\/index.php?rest_route=%2Fwp%2Fv2%2Ftags&post=54566"}],"curies":[{"name":"wp","href":"https:\/\/api.w.org\/{rel}","templated":true}]}}